{"id":9066,"date":"2025-12-17T08:48:00","date_gmt":"2025-12-17T06:48:00","guid":{"rendered":"https:\/\/icm.lt\/?p=9066"},"modified":"2026-04-21T09:02:20","modified_gmt":"2026-04-21T06:02:20","slug":"kaledu-svente-pabirzeje-icm-group-prisidejo-prie-jaukios-bendruomenes-iniciatyvos","status":"publish","type":"post","link":"https:\/\/icm.lt\/nl\/kaledu-svente-pabirzeje-icm-group-prisidejo-prie-jaukios-bendruomenes-iniciatyvos\/","title":{"rendered":"Kal\u0117d\u0173 \u0161vent\u0117 Pabir\u017e\u0117je: ICM Group prisid\u0117jo prie jaukios bendruomen\u0117s iniciatyvos"},"content":{"rendered":"<p>Kal\u0117din\u0117 nuotaika neatsiranda savaime. Ji gimsta i\u0161 \u017emoni\u0173, kurie skiria savo laik\u0105, energij\u0105 ir nor\u0105 kurti ka\u017ek\u0105 daugiau nei tik rengin\u012f. B\u016btent taip <strong>gruod\u017eio 12 dien\u0105 Pabir\u017e\u0117je<\/strong> gim\u0117 \u0161vent\u0117, kuri suvienijo vis\u0105 bendruomen\u0119 \u2013 nuo ma\u017eiausi\u0173 iki vyriausi\u0173.<\/p>\n\n\n\n<p>\u0160ios iniciatyvos dalimi tapo ir <strong>ICM Groep<\/strong>, prisid\u0117jusi prie \u0161ventin\u0117s atmosferos k\u016brimo ir bendryst\u0117s stiprinimo.<\/p>\n\n\n\n<h2 class=\"wp-block-heading\">\u0160vent\u0117 prasideda nuo \u017emoni\u0173<\/h2>\n\n\n\n<p>Dar nuo pat ankstyvo ryto <strong>Pabir\u017e\u0117s bendruomen\u0117<\/strong> kartu prad\u0117jo ruo\u0161tis vienam laukiamiausi\u0173 met\u0173 moment\u0173 \u2013 <strong>Kal\u0117d\u0173 egl\u0117s \u012f\u017eiebimui<\/strong>.<\/p>\n\n\n\n<p>Buvo:<\/p>\n\n\n\n<ul class=\"wp-block-list\">\n<li>puo\u0161iama eglut\u0117<\/li>\n\n\n\n<li>tvarkoma aplinka<\/li>\n\n\n\n<li>ruo\u0161iamas kal\u0117dinis namukas<\/li>\n\n\n\n<li>kuriama jauki ir \u0161venti\u0161ka erdv\u0117 visam miesteliui<\/li>\n<\/ul>\n\n\n\n<p>Tokie pasiruo\u0161imo darbai da\u017enai lieka nepasteb\u0117ti, ta\u010diau b\u016btent jie sukuria tikr\u0105j\u0105 \u0161vent\u0117s vert\u0119. Tai ne tik fizinis pasiruo\u0161imas \u2013 tai procesas, kuris suvienija \u017emones ir stiprina bendruomen\u0119.<\/p>\n\n\n\n<div class=\"wp-block-cover\"><img fetchpriority=\"high\" decoding=\"async\" width=\"1024\" height=\"500\" class=\"wp-block-cover__image-background wp-image-9074\" alt=\"\" src=\"https:\/\/icm.lt\/wp-content\/uploads\/2025\/12\/Tinklapio-HERO-sekcija-2560x1250-2-1024x500.jpg\" data-object-fit=\"cover\" srcset=\"https:\/\/icm.lt\/wp-content\/uploads\/2025\/12\/Tinklapio-HERO-sekcija-2560x1250-2-1024x500.jpg 1024w, https:\/\/icm.lt\/wp-content\/uploads\/2025\/12\/Tinklapio-HERO-sekcija-2560x1250-2-300x146.jpg 300w, https:\/\/icm.lt\/wp-content\/uploads\/2025\/12\/Tinklapio-HERO-sekcija-2560x1250-2-768x375.jpg 768w, https:\/\/icm.lt\/wp-content\/uploads\/2025\/12\/Tinklapio-HERO-sekcija-2560x1250-2-1536x750.jpg 1536w, https:\/\/icm.lt\/wp-content\/uploads\/2025\/12\/Tinklapio-HERO-sekcija-2560x1250-2-2048x1000.jpg 2048w, https:\/\/icm.lt\/wp-content\/uploads\/2025\/12\/Tinklapio-HERO-sekcija-2560x1250-2-18x9.jpg 18w, https:\/\/icm.lt\/wp-content\/uploads\/2025\/12\/Tinklapio-HERO-sekcija-2560x1250-2-600x293.jpg 600w\" sizes=\"(max-width: 1024px) 100vw, 1024px\" \/><span aria-hidden=\"true\" class=\"wp-block-cover__background has-background-dim\"><\/span><div class=\"wp-block-cover__inner-container is-layout-flow wp-block-cover-is-layout-flow\">\n<p><\/p>\n<\/div><\/div>\n\n\n\n<p class=\"has-text-align-right\">ICM Group kal\u0117dinis namelis<\/p>\n\n\n\n<h2 class=\"wp-block-heading\">Renginys, kuris suvienijo vis\u0105 Pabir\u017e\u0119<\/h2>\n\n\n\n<p>Vakare miestelis prisipild\u0117 \u0161urmulio, \u0161ypsen\u0173 ir laukimo.<\/p>\n\n\n\n<p>\u012e \u0161vent\u0119 susirinko:<\/p>\n\n\n\n<ul class=\"wp-block-list\">\n<li>\u0161eimos su vaikais<\/li>\n\n\n\n<li>vietos gyventojai<\/li>\n\n\n\n<li>bendruomen\u0117s nariai<\/li>\n<\/ul>\n\n\n\n<p>Tai buvo daugiau nei renginys \u2013 tai buvo bendruomen\u0117s susitikimas, kuriame kiekvienas jaut\u0117si dalimi ka\u017eko didesnio.<\/p>\n\n\n\n<p>Prie \u0161vent\u0117s prisid\u0117jo ir Bir\u017e\u0173 rajono meras su komanda, kurie pasveikino susirinkusiuosius bei kartu dalyvavo i\u0161kilmingoje egl\u0117s \u012f\u017eiebimo ceremonijoje.<\/p>\n\n\n\n<p>\u0160is momentas tapo simboliniu startu \u0161ventiniam laikotarpiui.<\/p>\n\n\n\n<p>\u0160vent\u0117s metu <strong>ICM Groep<\/strong> kolektyvas ne tik dalyvavo, bet ir aktyviai k\u016br\u0117 patirt\u012f visiems dalyviams.<\/p>\n\n\n\n<p>I\u0161 kal\u0117dinio namelio sve\u010diai buvo vai\u0161inami:<\/p>\n\n\n\n<ul class=\"wp-block-list\">\n<li>\u0161ilta kakava<\/li>\n\n\n\n<li>kvapnia arbata<\/li>\n\n\n\n<li>\u0161vie\u017eiai keptais kal\u0117diniais vafliais<\/li>\n<\/ul>\n\n\n\n<p>Tai paprasti dalykai, bet b\u016btent jie kuria tikr\u0105j\u0105 atmosfer\u0105.<\/p>\n\n\n\n<p>\u017dmon\u0117s sustojo, bendravo, \u0161ypsojosi \u2013 ir b\u016btent tokiose akimirkose gimsta tikra \u0161vent\u0117.<\/p>\n\n\n\n<h2 class=\"wp-block-heading\">Kod\u0117l tokios iniciatyvos yra svarbios?<\/h2>\n\n\n\n<p>\u0160iandien, kai daug kas vyksta skaitmenin\u0117je erdv\u0117je, gyvas bendravimas tampa vis vertingesnis.<\/p>\n\n\n\n<p>Tokie renginiai kaip <strong>Pabir\u017e\u0117s egl\u0117s \u012f\u017eiebimas<\/strong>:<\/p>\n\n\n\n<ul class=\"wp-block-list\">\n<li>stiprina bendruomen\u0117s ry\u0161ius<\/li>\n\n\n\n<li>skatina bendradarbiavim\u0105<\/li>\n\n\n\n<li>kuria pasitik\u0117jim\u0105 tarp \u017emoni\u0173 ir verslo<\/li>\n<\/ul>\n\n\n\n<p><strong>ICM Groep<\/strong> po\u017ei\u016bris ai\u0161kus \u2013 b\u016bti ne tik paslaug\u0173 teik\u0117ju, bet ir <strong>aktyvia bendruomen\u0117s dalimi<\/strong>, kuri prisideda prie realios vert\u0117s k\u016brimo.<\/p>\n\n\n\n<p>Verslas \u0161iandien vertinamas ne tik pagal rezultatus, bet ir pagal tai, koki\u0105 vert\u0119 jis kuria aplinkai.<\/p>\n\n\n\n<p>Dalyvavimas tokiose iniciatyvose rodo, kad:<\/p>\n\n\n\n<ul class=\"wp-block-list\">\n<li>\u012fmon\u0117 r\u016bpinasi bendruomene<\/li>\n\n\n\n<li>investuoja \u012f santykius<\/li>\n\n\n\n<li>kuria ilgalaik\u012f pasitik\u0117jim\u0105<\/li>\n<\/ul>\n\n\n\n<p>Tai yra pagrindas, ant kurio statomos stiprios partneryst\u0117s \u2013 tiek versle, tiek bendruomen\u0117je.<\/p>\n\n\n\n<p>Tikros \u0161vent\u0117s gimsta ten, kur \u017emon\u0117s kuria jas kartu.<\/p>\n\n\n\n<figure class=\"wp-block-image size-large is-resized\"><img decoding=\"async\" width=\"819\" height=\"1024\" src=\"https:\/\/icm.lt\/wp-content\/uploads\/2026\/04\/FBINSTALinkedin-postai-1080-x-1350-piks.-27-819x1024.jpg\" alt=\"\" class=\"wp-image-9070\" style=\"aspect-ratio:0.7998125439350152;width:377px;height:auto\" srcset=\"https:\/\/icm.lt\/wp-content\/uploads\/2026\/04\/FBINSTALinkedin-postai-1080-x-1350-piks.-27-819x1024.jpg 819w, https:\/\/icm.lt\/wp-content\/uploads\/2026\/04\/FBINSTALinkedin-postai-1080-x-1350-piks.-27-240x300.jpg 240w, https:\/\/icm.lt\/wp-content\/uploads\/2026\/04\/FBINSTALinkedin-postai-1080-x-1350-piks.-27-768x960.jpg 768w, https:\/\/icm.lt\/wp-content\/uploads\/2026\/04\/FBINSTALinkedin-postai-1080-x-1350-piks.-27-10x12.jpg 10w, https:\/\/icm.lt\/wp-content\/uploads\/2026\/04\/FBINSTALinkedin-postai-1080-x-1350-piks.-27-600x750.jpg 600w, https:\/\/icm.lt\/wp-content\/uploads\/2026\/04\/FBINSTALinkedin-postai-1080-x-1350-piks.-27.jpg 1080w\" sizes=\"(max-width: 819px) 100vw, 819px\" \/><\/figure>\n\n\n\n<p class=\"has-text-align-left\">Pabir\u017e\u0117s miestelio Kal\u0117din\u0117 egl\u0117<\/p>\n\n\n\n<p><\/p>","protected":false},"excerpt":{"rendered":"<p>Kal\u0117din\u0117 nuotaika neatsiranda savaime. Ji gimsta i\u0161 \u017emoni\u0173, kurie skiria savo laik\u0105, energij\u0105 ir nor\u0105 kurti ka\u017ek\u0105 daugiau nei tik rengin\u012f. B\u016btent taip gruod\u017eio 12 dien\u0105 Pabir\u017e\u0117je gim\u0117 \u0161vent\u0117, kuri suvienijo vis\u0105 bendruomen\u0119 \u2013 nuo ma\u017eiausi\u0173 iki vyriausi\u0173. \u0160ios iniciatyvos dalimi tapo ir ICM Group, prisid\u0117jusi prie \u0161ventin\u0117s atmosferos k\u016brimo ir bendryst\u0117s stiprinimo. \u0160vent\u0117 prasideda [&hellip;]<\/p>\n","protected":false},"author":3,"featured_media":9067,"comment_status":"closed","ping_status":"closed","sticky":false,"template":"","format":"standard","meta":{"_acf_changed":false,"footnotes":""},"categories":[23],"tags":[],"class_list":["post-9066","post","type-post","status-publish","format-standard","has-post-thumbnail","hentry","category-naujienos"],"acf":[],"_links":{"self":[{"href":"https:\/\/icm.lt\/nl\/wp-json\/wp\/v2\/posts\/9066","targetHints":{"allow":["GET"]}}],"collection":[{"href":"https:\/\/icm.lt\/nl\/wp-json\/wp\/v2\/posts"}],"about":[{"href":"https:\/\/icm.lt\/nl\/wp-json\/wp\/v2\/types\/post"}],"author":[{"embeddable":true,"href":"https:\/\/icm.lt\/nl\/wp-json\/wp\/v2\/users\/3"}],"replies":[{"embeddable":true,"href":"https:\/\/icm.lt\/nl\/wp-json\/wp\/v2\/comments?post=9066"}],"version-history":[{"count":4,"href":"https:\/\/icm.lt\/nl\/wp-json\/wp\/v2\/posts\/9066\/revisions"}],"predecessor-version":[{"id":9079,"href":"https:\/\/icm.lt\/nl\/wp-json\/wp\/v2\/posts\/9066\/revisions\/9079"}],"wp:featuredmedia":[{"embeddable":true,"href":"https:\/\/icm.lt\/nl\/wp-json\/wp\/v2\/media\/9067"}],"wp:attachment":[{"href":"https:\/\/icm.lt\/nl\/wp-json\/wp\/v2\/media?parent=9066"}],"wp:term":[{"taxonomy":"category","embeddable":true,"href":"https:\/\/icm.lt\/nl\/wp-json\/wp\/v2\/categories?post=9066"},{"taxonomy":"post_tag","embeddable":true,"href":"https:\/\/icm.lt\/nl\/wp-json\/wp\/v2\/tags?post=9066"}],"curies":[{"name":"wp","href":"https:\/\/api.w.org\/{rel}","templated":true}]}}