{"id":8847,"date":"2025-11-10T16:09:00","date_gmt":"2025-11-10T14:09:00","guid":{"rendered":"https:\/\/icm.lt\/?p=8847"},"modified":"2026-04-07T16:16:48","modified_gmt":"2026-04-07T13:16:48","slug":"icm-group-socialine-iniciatyva-pyragu-dienos-metu-surinkta-parama-liepai","status":"publish","type":"post","link":"https:\/\/icm.lt\/nl\/icm-group-socialine-iniciatyva-pyragu-dienos-metu-surinkta-parama-liepai\/","title":{"rendered":"ICM Group socialin\u0117 iniciatyva: Pyrag\u0173 dienos metu surinkta parama Liepai"},"content":{"rendered":"<p>Kartais did\u017eiausi poky\u010diai prasideda nuo labai paprast\u0173 dalyk\u0173 \u2013 nuo pokalbio, nuo \u0161ypsenos ar nuo ma\u017eo gerumo gesto. <strong>ICM Groep<\/strong> \u0161i\u0173 met\u0173 <strong>Pyrag\u0173 dien\u0105<\/strong> pavert\u0117 b\u016btent tokiu momentu \u2013 prasminga iniciatyva, kuri suvienijo bendruomen\u0119 d\u0117l vieno tikslo.<\/p>\n\n\n\n<p>\u0160iais metais \u0161i diena buvo skirta <strong>Liepai<\/strong> \u2013 nepaprastai stipriai mergaitei, kurios kasdienyb\u0117 nuo pat k\u016bdikyst\u0117s kupina i\u0161\u0161\u016bki\u0173.<\/p>\n\n\n\n<p><\/p>\n\n\n\n<h2 class=\"wp-block-heading\">Liepos istorija, kuri \u012fkvepia<\/h2>\n\n\n\n<p>Liepa susiduria su sud\u0117tingomis sveikatos diagnoz\u0117mis:<br>cerebriniu paraly\u017eiumi, epilepsija, mikrogirija, raidos bei kitais neurologiniais sutrikimais.<\/p>\n\n\n\n<p>Ta\u010diau jos istorija n\u0117ra tik apie sunkumus.<\/p>\n\n\n\n<p>Tai istorija apie:<\/p>\n\n\n\n<ul class=\"wp-block-list\">\n<li>atkaklum\u0105<\/li>\n\n\n\n<li>vidin\u0119 stipryb\u0119<\/li>\n\n\n\n<li>kasdien\u012f jud\u0117jim\u0105 \u012f priek\u012f, nepaisant visko<\/li>\n<\/ul>\n\n\n\n<p>Nepaisant i\u0161\u0161\u016bki\u0173, Liepa kiekvien\u0105 dien\u0105 stengiasi \u017eengti pirmyn. Jos \u0161ypsena ir stipryb\u0117 tampa \u012fkv\u0117pimu ne tik artimiesiems, bet ir visiems, kurie su\u017eino jos istorij\u0105.<\/p>\n\n\n\n<p><\/p>\n\n\n\n<h2 class=\"wp-block-heading\">Kod\u0117l \u0161i parama yra svarbi?<\/h2>\n\n\n\n<p>\u0160iandien Liepai reikalinga reali pagalba, kuri gali reik\u0161mingai pakeisti jos gyvenimo kokyb\u0119.<\/p>\n\n\n\n<p>Did\u017eiausias \u0161iuo metu poreikis:<\/p>\n\n\n\n<ul class=\"wp-block-list\">\n<li><strong>elektrinis ve\u017eim\u0117lis<\/strong>, pritaikytas jos fizinei b\u016bklei<\/li>\n\n\n\n<li><strong>reabilitacijos u\u017esienyje<\/strong>, kurios suteikia daugiau galimybi\u0173 progresui<\/li>\n<\/ul>\n\n\n\n<p>Tai n\u0117ra tik medicinin\u0117s priemon\u0117s.<br>Tai \u2013 galimyb\u0117:<\/p>\n\n\n\n<ul class=\"wp-block-list\">\n<li>jud\u0117ti savaranki\u0161kiau<\/li>\n\n\n\n<li>patirti daugiau kasdienio komforto<\/li>\n\n\n\n<li>tur\u0117ti daugiau laisv\u0117s<\/li>\n<\/ul>\n\n\n\n<p>Tokie sprendimai tiesiogiai kei\u010dia gyvenim\u0105.<\/p>\n\n\n\n<p><\/p>\n\n\n\n<h2 class=\"wp-block-heading\">Pyrag\u0173 diena, kuri tapo daugiau nei tradicija<\/h2>\n\n\n\n<p><strong>ICM Group Pyrag\u0173 dienos iniciatyva<\/strong> \u0161iemet \u012fgavo dar gilesn\u0119 prasm\u0119.<\/p>\n\n\n\n<p>\u017dmon\u0117s ne tik vai\u0161inosi pyragais \u2013 jie prisid\u0117jo prie realaus poky\u010dio k\u016brimo.<\/p>\n\n\n\n<p>Tokie momentai primena paprast\u0105 ties\u0105:<br>kai bendruomen\u0117 susivienija, net ir nedideli veiksmai tampa reik\u0161mingi.<\/p>\n\n\n\n<p><\/p>\n\n\n\n<h2 class=\"wp-block-heading\">Rezultatas, kuris turi reali\u0105 vert\u0119<\/h2>\n\n\n\n<p>Renginio metu pavyko surinkti <strong>400 Eur paramos<\/strong>.<\/p>\n\n\n\n<p>Ta\u010diau tuo viskas nesibaig\u0117.<\/p>\n\n\n\n<p><strong>ICM Group pri\u0117m\u0117 sprendim\u0105 padengti likusi\u0105 sum\u0105<\/strong>, reikaling\u0105 Liepos elektriniam ve\u017eim\u0117liui \u012fsigyti.<br>Bendra suma siekia apie <strong>3500 Eur<\/strong>.<\/p>\n\n\n\n<p>Tai rei\u0161kia, kad iniciatyva virto konkre\u010diu rezultatu \u2013 sprendimu, kuris tur\u0117s tiesiogin\u012f poveik\u012f Liepos kasdienybei.<\/p>\n\n\n\n<p><\/p>\n\n\n\n<h2 class=\"wp-block-heading\">Partneryst\u0117s, kurios kuria daugiau<\/h2>\n\n\n\n<p>Prie \u0161ios iniciatyvos prisid\u0117jo ir partneriai.<\/p>\n\n\n\n<p>Nuo\u0161irdi pad\u0117ka skiriama <strong>\u201eKapsuliniai kavos aparatai biurams nemokamai\u201c<\/strong>, kurie operatyviai reagavo ir prisid\u0117jo prie renginio.<\/p>\n\n\n\n<p>J\u0173 suteikta kava:<\/p>\n\n\n\n<ul class=\"wp-block-list\">\n<li>k\u016br\u0117 jauki\u0105 atmosfer\u0105<\/li>\n\n\n\n<li>sub\u016br\u0117 \u017emones bendram tikslui<\/li>\n\n\n\n<li>prisid\u0117jo prie bendros renginio patirties<\/li>\n<\/ul>\n\n\n\n<p>Tokios partneryst\u0117s parodo, kad verslas gali kurti vert\u0119 ne tik per paslaugas, bet ir per socialin\u0119 atsakomyb\u0119.<\/p>\n\n\n\n<p><\/p>\n\n\n\n<h2 class=\"wp-block-heading\">K\u0105 tokios iniciatyvos rei\u0161kia \u0161iandien?<\/h2>\n\n\n\n<p>Vis da\u017eniau kalbama apie verslo atsakomyb\u0119, ta\u010diau tikrieji veiksmai matomi ne \u017eod\u017eiuose, o konkre\u010diuose sprendimuose.<\/p>\n\n\n\n<p><strong>ICM Groep<\/strong> \u0161iuo atveju parod\u0117, kad:<\/p>\n\n\n\n<ul class=\"wp-block-list\">\n<li>bendruomen\u0117 gali b\u016bti stipri<\/li>\n\n\n\n<li>verslas gali b\u016bti socialiai atsakingas<\/li>\n\n\n\n<li>iniciatyvos gali tur\u0117ti real\u0173 poveik\u012f<\/li>\n<\/ul>\n\n\n\n<p>Tai ne tik apie param\u0105.<br>Tai apie po\u017ei\u016br\u012f.<\/p>\n\n\n\n<p><\/p>\n\n\n\n<h2 class=\"wp-block-heading\">Kaip galima prisid\u0117ti?<\/h2>\n\n\n\n<p>ie, kurie nori prisid\u0117ti prie Liepos gerov\u0117s, gali tai padaryti ir toliau.<\/p>\n\n\n\n<p><strong>Parama skiriama:<\/strong><br>Liepos Venyt\u0117s labdaros ir paramos fondui<br>S\u0105skaitos nr.: LT63 7300 0101 9314 9202<br>\u012emon\u0117s kodas: 307119572<\/p>\n\n\n\n<p>Kiekvienas prisid\u0117jimas \u2013 nesvarbu, kokio dyd\u017eio \u2013 yra dar vienas \u017eingsnis \u012f priek\u012f.<\/p>","protected":false},"excerpt":{"rendered":"<p>Kartais did\u017eiausi poky\u010diai prasideda nuo labai paprast\u0173 dalyk\u0173 \u2013 nuo pokalbio, nuo \u0161ypsenos ar nuo ma\u017eo gerumo gesto. ICM Group \u0161i\u0173 met\u0173 Pyrag\u0173 dien\u0105 pavert\u0117 b\u016btent tokiu momentu \u2013 prasminga iniciatyva, kuri suvienijo bendruomen\u0119 d\u0117l vieno tikslo. \u0160iais metais \u0161i diena buvo skirta Liepai \u2013 nepaprastai stipriai mergaitei, kurios kasdienyb\u0117 nuo pat k\u016bdikyst\u0117s kupina i\u0161\u0161\u016bki\u0173. [&hellip;]<\/p>\n","protected":false},"author":3,"featured_media":8848,"comment_status":"closed","ping_status":"closed","sticky":false,"template":"","format":"standard","meta":{"_acf_changed":false,"footnotes":""},"categories":[23],"tags":[30],"class_list":["post-8847","post","type-post","status-publish","format-standard","has-post-thumbnail","hentry","category-naujienos","tag-lietuva"],"acf":[],"_links":{"self":[{"href":"https:\/\/icm.lt\/nl\/wp-json\/wp\/v2\/posts\/8847","targetHints":{"allow":["GET"]}}],"collection":[{"href":"https:\/\/icm.lt\/nl\/wp-json\/wp\/v2\/posts"}],"about":[{"href":"https:\/\/icm.lt\/nl\/wp-json\/wp\/v2\/types\/post"}],"author":[{"embeddable":true,"href":"https:\/\/icm.lt\/nl\/wp-json\/wp\/v2\/users\/3"}],"replies":[{"embeddable":true,"href":"https:\/\/icm.lt\/nl\/wp-json\/wp\/v2\/comments?post=8847"}],"version-history":[{"count":1,"href":"https:\/\/icm.lt\/nl\/wp-json\/wp\/v2\/posts\/8847\/revisions"}],"predecessor-version":[{"id":8849,"href":"https:\/\/icm.lt\/nl\/wp-json\/wp\/v2\/posts\/8847\/revisions\/8849"}],"wp:featuredmedia":[{"embeddable":true,"href":"https:\/\/icm.lt\/nl\/wp-json\/wp\/v2\/media\/8848"}],"wp:attachment":[{"href":"https:\/\/icm.lt\/nl\/wp-json\/wp\/v2\/media?parent=8847"}],"wp:term":[{"taxonomy":"category","embeddable":true,"href":"https:\/\/icm.lt\/nl\/wp-json\/wp\/v2\/categories?post=8847"},{"taxonomy":"post_tag","embeddable":true,"href":"https:\/\/icm.lt\/nl\/wp-json\/wp\/v2\/tags?post=8847"}],"curies":[{"name":"wp","href":"https:\/\/api.w.org\/{rel}","templated":true}]}}