{"id":8844,"date":"2025-10-20T15:59:00","date_gmt":"2025-10-20T12:59:00","guid":{"rendered":"https:\/\/icm.lt\/?p=8844"},"modified":"2026-04-07T16:07:18","modified_gmt":"2026-04-07T13:07:18","slug":"transporto-inovaciju-forumas-2025-kaip-keiciasi-logistika-ir-ka-tai-reiskia-icm-group-klientams","status":"publish","type":"post","link":"https:\/\/icm.lt\/nl\/transporto-inovaciju-forumas-2025-kaip-keiciasi-logistika-ir-ka-tai-reiskia-icm-group-klientams\/","title":{"rendered":"Transporto inovacij\u0173 forumas 2025: kaip kei\u010diasi logistika ir k\u0105 tai rei\u0161kia ICM Group klientams"},"content":{"rendered":"<p>Dar prie\u0161 metus daug kalb\u0173 logistikos sektoriuje skamb\u0117jo pana\u0161iai \u2013 <strong>apie tai, kas bus<\/strong>. Dirbtinis intelektas, automatizacija, skaitmenizacija. Vizijos buvo ai\u0161kios, bet da\u017enai likdavo klausimas: <em>kada tai taps realybe?<\/em><\/p>\n\n\n\n<p>\u0160iandien atsakymas jau yra. Ir jis buvo labai ai\u0161kiai matomas <strong>Transporto inovacij\u0173 forume 2025<\/strong>, kuriame antrus metus i\u0161 eil\u0117s dalyvavo <strong>ICM Group vadov\u0173 komanda<\/strong>.<\/p>\n\n\n\n<p>Tai, kas anks\u010diau buvo planai, \u0161iandien tampa konkre\u010diais sprendimais, \u012fgyvendintais projektais ir realiais rezultatais.<\/p>\n\n\n\n<p><\/p>\n\n\n\n<h2 class=\"wp-block-heading\">Transporto inovacij\u0173 forumas \u2013 svarbus signalas rinkai<\/h2>\n\n\n\n<p><strong>Transporto inovacij\u0173 forumas<\/strong> yra vienas svarbiausi\u0173 logistikos ir transporto sektoriaus rengini\u0173 Lietuvoje, suburiantis verslo lyderius, technologij\u0173 k\u016br\u0117jus ir sprendim\u0173 pri\u0117m\u0117jus.<\/p>\n\n\n\n<p>\u0160is renginys i\u0161siskiria tuo, kad \u010dia:<\/p>\n\n\n\n<ul class=\"wp-block-list\">\n<li>aptariamos realios rinkos problemos<\/li>\n\n\n\n<li>dalinamasi praktiniais sprendimais<\/li>\n\n\n\n<li>pristatomi jau \u012fgyvendinti projektai<\/li>\n<\/ul>\n\n\n\n<p>Tai vieta, kur verslas kalba apie tai, kas jau veikia<strong>.<\/strong><\/p>\n\n\n\n<p><\/p>\n\n\n\n<h2 class=\"wp-block-heading\">Pagrindinis pokytis: nuo kalb\u0173 prie veiksm\u0173<\/h2>\n\n\n\n<p>Lyginant su 2024 metais, pokytis akivaizdus.<\/p>\n\n\n\n<p>Anks\u010diau dominavo temos apie:<\/p>\n\n\n\n<ul class=\"wp-block-list\">\n<li>ateities technologijas<\/li>\n\n\n\n<li>galimus scenarijus<\/li>\n\n\n\n<li>rinkos transformacij\u0105<\/li>\n<\/ul>\n\n\n\n<p>Tuo tarpu <strong>2025 metais fokusas pasikeit\u0117<\/strong>:<\/p>\n\n\n\n<ul class=\"wp-block-list\">\n<li>kalbama apie <strong>\u012fdiegtas sistemas<\/strong><\/li>\n\n\n\n<li>analizuojami <strong>real\u016bs efektyvumo rezultatai<\/strong><\/li>\n\n\n\n<li>diskutuojama apie <strong>verslo pasirengim\u0105 poky\u010diams \u0161iandien<\/strong><\/li>\n<\/ul>\n\n\n\n<p>Kitaip tariant \u2013 rinka per\u0117jo i\u0161 \u201eplanavimo\u201c \u012f <strong>\u012fgyvendinimo etap\u0105<\/strong>.<\/p>\n\n\n\n<p>Tai svarbus signalas visiems logistikos ir transporto sektoriaus dalyviams:<br><strong>tie, kurie delsia, pradeda atsilikti.<\/strong><\/p>\n\n\n\n<p><\/p>\n\n\n\n<h2 class=\"wp-block-heading\">Kur slypi tikrasis efektyvumas?<\/h2>\n\n\n\n<p>Nors inovacijos tampa vis svarbesn\u0117s, <strong>\u017emogi\u0161kasis faktorius i\u0161lieka kritinis<\/strong>.<\/p>\n\n\n\n<p>Tai ypa\u010d ai\u0161kiai matyti logistikos ir sand\u0117liavimo sektoriuose, kur:<\/p>\n\n\n\n<ul class=\"wp-block-list\">\n<li>technologijos turi b\u016bti tinkamai \u012fdiegtos<\/li>\n\n\n\n<li>procesai \u2013 pri\u017ei\u016brimi<\/li>\n\n\n\n<li>sprendimai \u2013 \u012fgyvendinami kasdien\u0117je veikloje<\/li>\n<\/ul>\n\n\n\n<p>B\u016btent tod\u0117l verslai vis da\u017eniau ie\u0161ko ne tik technologini\u0173 sprendim\u0173, bet ir patikim\u0173 partneri\u0173, kurie gali u\u017etikrinti <strong>stipri\u0105 ir motyvuot\u0105 komand\u0105<\/strong>.<\/p>\n\n\n\n<p>\u010cia atsiranda <strong>ICM Groep<\/strong> vaidmuo.<\/p>\n\n\n\n<p><\/p>\n\n\n\n<h2 class=\"wp-block-heading\">ICM Group \u2013 personalo ir sand\u0117liavimo sprendim\u0173 partneris<\/h2>\n\n\n\n<p>Kaip <strong>personalo valdymo partneris<\/strong>, <strong>ICM Groep<\/strong> padeda verslams spr\u0119sti vien\u0105 svarbiausi\u0173 i\u0161\u0161\u016bki\u0173 \u2013 <strong>tinkam\u0173 \u017emoni\u0173 suradim\u0105 ir efektyv\u0173 j\u0173 valdym\u0105<\/strong>.<\/p>\n\n\n\n<p>\u012emon\u0117 si\u016blo:<\/p>\n\n\n\n<ul class=\"wp-block-list\">\n<li><strong>darbuotoj\u0173 paie\u0161k\u0105<\/strong><\/li>\n\n\n\n<li><strong>darbuotoj\u0173 atrank\u0105<\/strong><\/li>\n\n\n\n<li><strong>darbuotoj\u0173 nuom\u0105<\/strong><\/li>\n\n\n\n<li>sprendimus <strong>sand\u0117liavimo ir logistikos sektoriui<\/strong><\/li>\n<\/ul>\n\n\n\n<p>Tai ypa\u010d aktualu \u0161iandien, kai verslai:<\/p>\n\n\n\n<ul class=\"wp-block-list\">\n<li>investuoja \u012f technologijas<\/li>\n\n\n\n<li>ple\u010dia veikl\u0105<\/li>\n\n\n\n<li>siekia didesnio efektyvumo<\/li>\n<\/ul>\n\n\n\n<p>Be stiprios komandos \u0161ie tikslai tampa sunkiai pasiekiami.<\/p>\n\n\n\n<p><\/p>\n\n\n\n<h2 class=\"wp-block-heading\">K\u0105 tai rei\u0161kia verslams \u0161iandien?<\/h2>\n\n\n\n<p>Transporto inovacij\u0173 forumas ai\u0161kiai parod\u0117 vien\u0105 dalyk\u0105:<\/p>\n\n\n\n<p><strong>inovacijos veikia tik tada, kai jas \u012fgyvendina \u017emon\u0117s.<\/strong><\/p>\n\n\n\n<p>Tai rei\u0161kia, kad s\u0117kmingas verslas \u0161iandien turi derinti:<\/p>\n\n\n\n<ul class=\"wp-block-list\">\n<li>technologinius sprendimus<\/li>\n\n\n\n<li>efektyvius procesus<\/li>\n\n\n\n<li>stipri\u0105 komand\u0105<\/li>\n<\/ul>\n\n\n\n<p>\u012emon\u0117s, kurios sugeba sujungti \u0161iuos tris elementus, \u012fgyja real\u0173 konkurencin\u012f prana\u0161um\u0105.<\/p>\n\n\n\n<p>________<\/p>\n\n\n\n<p><strong>ICM Group dalyvavimas Transporto inovacij\u0173 forume 2025<\/strong> dar kart\u0105 patvirtino ai\u0161ki\u0105 krypt\u012f \u2013 logistikos sektorius juda \u012f priek\u012f grei\u010diau nei bet kada anks\u010diau.<\/p>\n\n\n\n<p>Nuo vizij\u0173 pereinama prie veiksm\u0173.<br>Nuo plan\u0173 \u2013 prie rezultat\u0173.<\/p>\n\n\n\n<p>Ir \u0161iame kontekste svarbiausia tampa ne tik tai, kokias technologijas naudoja verslas, bet ir kokius \u017emones jis turi.<\/p>\n\n\n\n<p>Nes gal\u0173 gale visk\u0105 lemia paprastas principas:<br>technologijos kuria galimybes, o \u017emon\u0117s jas paver\u010dia rezultatais.<\/p>\n\n\n\n<p><\/p>","protected":false},"excerpt":{"rendered":"<p>Dar prie\u0161 metus daug kalb\u0173 logistikos sektoriuje skamb\u0117jo pana\u0161iai \u2013 apie tai, kas bus. Dirbtinis intelektas, automatizacija, skaitmenizacija. Vizijos buvo ai\u0161kios, bet da\u017enai likdavo klausimas: kada tai taps realybe? \u0160iandien atsakymas jau yra. Ir jis buvo labai ai\u0161kiai matomas Transporto inovacij\u0173 forume 2025, kuriame antrus metus i\u0161 eil\u0117s dalyvavo ICM Group vadov\u0173 komanda. Tai, kas [&hellip;]<\/p>\n","protected":false},"author":3,"featured_media":8845,"comment_status":"closed","ping_status":"closed","sticky":false,"template":"","format":"standard","meta":{"_acf_changed":false,"footnotes":""},"categories":[23],"tags":[],"class_list":["post-8844","post","type-post","status-publish","format-standard","has-post-thumbnail","hentry","category-naujienos"],"acf":[],"_links":{"self":[{"href":"https:\/\/icm.lt\/nl\/wp-json\/wp\/v2\/posts\/8844","targetHints":{"allow":["GET"]}}],"collection":[{"href":"https:\/\/icm.lt\/nl\/wp-json\/wp\/v2\/posts"}],"about":[{"href":"https:\/\/icm.lt\/nl\/wp-json\/wp\/v2\/types\/post"}],"author":[{"embeddable":true,"href":"https:\/\/icm.lt\/nl\/wp-json\/wp\/v2\/users\/3"}],"replies":[{"embeddable":true,"href":"https:\/\/icm.lt\/nl\/wp-json\/wp\/v2\/comments?post=8844"}],"version-history":[{"count":1,"href":"https:\/\/icm.lt\/nl\/wp-json\/wp\/v2\/posts\/8844\/revisions"}],"predecessor-version":[{"id":8846,"href":"https:\/\/icm.lt\/nl\/wp-json\/wp\/v2\/posts\/8844\/revisions\/8846"}],"wp:featuredmedia":[{"embeddable":true,"href":"https:\/\/icm.lt\/nl\/wp-json\/wp\/v2\/media\/8845"}],"wp:attachment":[{"href":"https:\/\/icm.lt\/nl\/wp-json\/wp\/v2\/media?parent=8844"}],"wp:term":[{"taxonomy":"category","embeddable":true,"href":"https:\/\/icm.lt\/nl\/wp-json\/wp\/v2\/categories?post=8844"},{"taxonomy":"post_tag","embeddable":true,"href":"https:\/\/icm.lt\/nl\/wp-json\/wp\/v2\/tags?post=8844"}],"curies":[{"name":"wp","href":"https:\/\/api.w.org\/{rel}","templated":true}]}}