{"id":9160,"date":"2026-03-13T16:56:41","date_gmt":"2026-03-13T14:56:41","guid":{"rendered":"https:\/\/icm.lt\/?p=9160"},"modified":"2026-04-24T17:03:22","modified_gmt":"2026-04-24T14:03:22","slug":"personalo-valdymas-logistikoje-icm-group-dalyvavimas-multimodaal-transport-expo-2026","status":"publish","type":"post","link":"https:\/\/icm.lt\/en\/personalo-valdymas-logistikoje-icm-group-dalyvavimas-multimodaal-transport-expo-2026\/","title":{"rendered":"Workforce Management in Logistics: ICM Group\u2019s Participation in Multimodaal Transport Expo 2026"},"content":{"rendered":"<p>Logistikos ir transporto sektorius \u0161iandien kei\u010diasi grei\u010diau nei bet kada anks\u010diau. Augant krovini\u0173 srautams, did\u0117jant spaudimui efektyvumui ir nuolat kintant darbo rinkai, \u012fmon\u0117s susiduria su vienu esminiu i\u0161\u0161\u016bkiu \u2013 kaip u\u017etikrinti stabil\u0173, patikim\u0105 ir lankst\u0173 darbo j\u0117gos valdym\u0105.<\/p>\n\n\n\n<p>B\u016btent \u0161ios temos buvo vienos pagrindini\u0173 <strong>\u201eMultimodaal Transport Expo 2026\u201c<\/strong>, kur jau antrus metus i\u0161 eil\u0117s dalyvavo <strong>ICM Group komanda<\/strong>. \u0160\u012f kart\u0105 \u012fmon\u0117 parodoje ne tik dalyvavo, bet ir tur\u0117jo savo stend\u0105, kuriame aktyviai kviet\u0117 verslo atstovus susipa\u017einti su teikiamais sprendimais.<\/p>\n\n\n\n<h2 class=\"wp-block-heading\">Tarptautin\u0117 platforma verslo ry\u0161iams<\/h2>\n\n\n\n<p>\u201eMultimodaal Transport Expo\u201c \u2013 tai viena svarbiausi\u0173 transporto ir logistikos sektoriaus parod\u0173, suburianti rinkos dalyvius i\u0161 visos Europos. Tai vieta, kur susitinka:<\/p>\n\n\n\n<ul class=\"wp-block-list\">\n<li>sprendim\u0173 pri\u0117m\u0117jai<\/li>\n\n\n\n<li>inovacij\u0173 k\u016br\u0117jai<\/li>\n\n\n\n<li>verslo partneriai<\/li>\n<\/ul>\n\n\n\n<p>Tokiose erdv\u0117se vyksta ne tik kontakt\u0173 mezgimas, bet ir real\u016bs pokalbiai apie rinkos kryptis, i\u0161\u0161\u016bkius bei sprendimus.<\/p>\n\n\n\n<p><strong>ICM Group<\/strong> dalyvavimas \u0161ioje parodoje yra kryptingas \u017eingsnis stiprinant tarptautines pozicijas ir ple\u010diant partneri\u0173 tinkl\u0105.<\/p>\n\n\n\n<h2 class=\"wp-block-heading\">Sprendimai, kurie atsako \u012f realius verslo poreikius<\/h2>\n\n\n\n<p>Parodos metu ICM Group pristat\u0117 sprendimus \u012fmon\u0117ms, ie\u0161kan\u010dioms patikimo personalo valdymo partnerio. Did\u017eiausias d\u0117mesys buvo skiriamas tam, kas \u0161iandien aktualiausia logistikos sektoriuje \u2013 lankstumui, grei\u010diui ir kokybei.<\/p>\n\n\n\n<p>\u012emon\u0117 pristat\u0117 dedikuot\u0105 darbuotoj\u0173 paie\u0161k\u0105 ir atrank\u0105, darbuotoj\u0173 nuomos sprendimus bei lankst\u0173 personalo valdym\u0105 tarptautin\u0117se rinkose. Tai sprendimai, kurie leid\u017eia \u012fmon\u0117ms ne tik greitai reaguoti \u012f rinkos poky\u010dius, bet ir u\u017etikrinti veiklos t\u0119stinum\u0105.<\/p>\n\n\n\n<p>Svarbiausia, kad \u0161ie sprendimai orientuoti ne \u012f trumpalaik\u012f rezultat\u0105, o \u012f ilgalaik\u0119 vert\u0119.<\/p>\n\n\n\n<h2 class=\"wp-block-heading\">Kod\u0117l personalo sprendimai tampa kritiniu veiksniu?<\/h2>\n\n\n\n<p>Logistikos sektorius \u0161iandien susiduria su nuolatiniu darbo j\u0117gos tr\u016bkumu, sezoni\u0161kumu ir augan\u010diais efektyvumo reikalavimais. Tai rei\u0161kia, kad \u012fmon\u0117s nebegali sau leisti neefektyvi\u0173 proces\u0173 ar l\u0117t\u0173 sprendim\u0173.<\/p>\n\n\n\n<p>B\u016btent tod\u0117l vis daugiau organizacij\u0173 ie\u0161ko partneri\u0173, kurie gal\u0117t\u0173:<\/p>\n\n\n\n<ul class=\"wp-block-list\">\n<li>greitai reaguoti<\/li>\n\n\n\n<li>u\u017etikrinti kokyb\u0119<\/li>\n\n\n\n<li>prisitaikyti prie skirting\u0173 rink\u0173<\/li>\n<\/ul>\n\n\n\n<p>Ir \u010dia atsiranda ai\u0161ki tendencija \u2013 nuo paslaugos tiek\u0117jo pereinama prie partneryst\u0117s modelio.<\/p>\n\n\n\n<h2 class=\"wp-block-heading\">Igno Flenderio \u012f\u017evalga<\/h2>\n\n\n\n<p>ICM Group generalinis direktorius <strong>Ignas Flenderis<\/strong> pabr\u0117\u017eia, kad tokie renginiai leid\u017eia ne tik pristatyti paslaugas, bet ir geriau suprasti rink\u0105:<\/p>\n\n\n\n<blockquote class=\"wp-block-quote is-layout-flow wp-block-quote-is-layout-flow\">\n<p>\u201eDalyvavimas tokiose parodose kaip \u201eMultimodaal Transport Expo\u201c mums yra ne tik galimyb\u0117 pristatyti savo paslaugas, bet ir tiesiogiai i\u0161girsti rinkos poreikius. Logistikos ir transporto sektorius \u0161iandien susiduria su dideliu spaudimu efektyvumui, tod\u0117l lankst\u016bs ir patikimi personalo sprendimai tampa kritiniu verslo s\u0117km\u0117s faktoriumi. Matome ai\u0161ki\u0105 tendencij\u0105 \u2013 \u012fmon\u0117s ie\u0161ko ne tiek tiek\u0117j\u0173, kiek partneri\u0173, galin\u010di\u0173 augti kartu ir prisitaikyti prie kintan\u010dios aplinkos.\u201c<\/p>\n\n\n\n<p><\/p>\n<\/blockquote>","protected":false},"excerpt":{"rendered":"<p>Logistikos ir transporto sektorius \u0161iandien kei\u010diasi grei\u010diau nei bet kada anks\u010diau. Augant krovini\u0173 srautams, did\u0117jant spaudimui efektyvumui ir nuolat kintant darbo rinkai, \u012fmon\u0117s susiduria su vienu esminiu i\u0161\u0161\u016bkiu \u2013 kaip u\u017etikrinti stabil\u0173, patikim\u0105 ir lankst\u0173 darbo j\u0117gos valdym\u0105. B\u016btent \u0161ios temos buvo vienos pagrindini\u0173 \u201eMultimodaal Transport Expo 2026\u201c, kur jau antrus metus i\u0161 eil\u0117s dalyvavo [&hellip;]<\/p>\n","protected":false},"author":3,"featured_media":9161,"comment_status":"closed","ping_status":"closed","sticky":false,"template":"","format":"standard","meta":{"_acf_changed":false,"footnotes":""},"categories":[23],"tags":[],"class_list":["post-9160","post","type-post","status-publish","format-standard","has-post-thumbnail","hentry","category-naujienos"],"acf":[],"_links":{"self":[{"href":"https:\/\/icm.lt\/en\/wp-json\/wp\/v2\/posts\/9160","targetHints":{"allow":["GET"]}}],"collection":[{"href":"https:\/\/icm.lt\/en\/wp-json\/wp\/v2\/posts"}],"about":[{"href":"https:\/\/icm.lt\/en\/wp-json\/wp\/v2\/types\/post"}],"author":[{"embeddable":true,"href":"https:\/\/icm.lt\/en\/wp-json\/wp\/v2\/users\/3"}],"replies":[{"embeddable":true,"href":"https:\/\/icm.lt\/en\/wp-json\/wp\/v2\/comments?post=9160"}],"version-history":[{"count":1,"href":"https:\/\/icm.lt\/en\/wp-json\/wp\/v2\/posts\/9160\/revisions"}],"predecessor-version":[{"id":9162,"href":"https:\/\/icm.lt\/en\/wp-json\/wp\/v2\/posts\/9160\/revisions\/9162"}],"wp:featuredmedia":[{"embeddable":true,"href":"https:\/\/icm.lt\/en\/wp-json\/wp\/v2\/media\/9161"}],"wp:attachment":[{"href":"https:\/\/icm.lt\/en\/wp-json\/wp\/v2\/media?parent=9160"}],"wp:term":[{"taxonomy":"category","embeddable":true,"href":"https:\/\/icm.lt\/en\/wp-json\/wp\/v2\/categories?post=9160"},{"taxonomy":"post_tag","embeddable":true,"href":"https:\/\/icm.lt\/en\/wp-json\/wp\/v2\/tags?post=9160"}],"curies":[{"name":"wp","href":"https:\/\/api.w.org\/{rel}","templated":true}]}}