{"id":9151,"date":"2026-02-17T16:35:00","date_gmt":"2026-02-17T14:35:00","guid":{"rendered":"https:\/\/icm.lt\/?p=9151"},"modified":"2026-04-24T16:56:03","modified_gmt":"2026-04-24T13:56:03","slug":"icm-group-kartu-su-pabirzes-bendruomene-minejo-vasario-16-aja","status":"publish","type":"post","link":"https:\/\/icm.lt\/en\/icm-group-kartu-su-pabirzes-bendruomene-minejo-vasario-16-aja\/","title":{"rendered":"ICM Group kartu su Pabir\u017e\u0117s bendruomene min\u0117jo Vasario 16-\u0105j\u0105"},"content":{"rendered":"<p>Valstyb\u0117s \u0161vent\u0117s da\u017enai primena apie istorij\u0105. Ta\u010diau tikrosios j\u0173 prasm\u0117s slypi ne tik praeityje \u2013 jos atsiskleid\u017eia \u017emon\u0117se, kurie \u0161iandien susirenka kartu, kuria bendryst\u0119 ir \u012fprasmina tai, k\u0105 rei\u0161kia b\u016bti bendruomen\u0117s dalimi.<\/p>\n\n\n\n<p>B\u016btent tokia atmosfera vyravo <strong>Pabir\u017e\u0117je, minint Lietuvos valstyb\u0117s atk\u016brimo dien\u0105 \u2013 Vasario 16-\u0105j\u0105<\/strong>, kur vietos bendruomen\u0117 kartu su iniciatyv\u0173 partneriais suk\u016br\u0117 \u0161ilt\u0105, jauk\u0173 ir viening\u0105 vakar\u0105.<\/p>\n\n\n\n<h2 class=\"wp-block-heading\">Ma\u017eos detal\u0117s, kurios kuria didel\u0119 atmosfer\u0105<\/h2>\n\n\n\n<p>Tokios \u0161vent\u0117s da\u017enai \u012fsimena d\u0117l detali\u0173.<\/p>\n\n\n\n<p>\u0160iuo atveju ypating\u0105 vaidmen\u012f atliko <strong>Bir\u017e\u0173 parapijos \u0160v. Vincento Paulie\u010dio socialin\u0117s dirbtuv\u0117s<\/strong>, kurios prisid\u0117jo prie \u0161vent\u0117s k\u016brimo savo rank\u0173 darbu.<\/p>\n\n\n\n<p>J\u0173 pagamintos:<\/p>\n\n\n\n<ul class=\"wp-block-list\">\n<li>Lietuvos v\u0117liav\u0117l\u0117s<\/li>\n\n\n\n<li>trispalv\u0117s apyrank\u0117s<\/li>\n<\/ul>\n\n\n\n<p>suteik\u0117 \u0161ventei dar daugiau:<\/p>\n\n\n\n<ul class=\"wp-block-list\">\n<li>spalv\u0173<\/li>\n\n\n\n<li>autenti\u0161kumo<\/li>\n\n\n\n<li>jaukumo<\/li>\n<\/ul>\n\n\n\n<p>Kiekvienas dalyvis gal\u0117jo ne tik dalyvauti, bet ir <strong>pasijusti \u0161vent\u0117s dalimi<\/strong>.<\/p>\n\n\n\n<p>Laisv\u0117 prasideda nuo vienyb\u0117s \u2013 ir ji gyva tol, kol j\u0105 kuriame kartu.<\/p>\n\n\n\n<p><\/p>","protected":false},"excerpt":{"rendered":"<p>Valstyb\u0117s \u0161vent\u0117s da\u017enai primena apie istorij\u0105. Ta\u010diau tikrosios j\u0173 prasm\u0117s slypi ne tik praeityje \u2013 jos atsiskleid\u017eia \u017emon\u0117se, kurie \u0161iandien susirenka kartu, kuria bendryst\u0119 ir \u012fprasmina tai, k\u0105 rei\u0161kia b\u016bti bendruomen\u0117s dalimi. B\u016btent tokia atmosfera vyravo Pabir\u017e\u0117je, minint Lietuvos valstyb\u0117s atk\u016brimo dien\u0105 \u2013 Vasario 16-\u0105j\u0105, kur vietos bendruomen\u0117 kartu su iniciatyv\u0173 partneriais suk\u016br\u0117 \u0161ilt\u0105, jauk\u0173 [&hellip;]<\/p>\n","protected":false},"author":3,"featured_media":9152,"comment_status":"closed","ping_status":"closed","sticky":false,"template":"","format":"standard","meta":{"_acf_changed":false,"footnotes":""},"categories":[23],"tags":[],"class_list":["post-9151","post","type-post","status-publish","format-standard","has-post-thumbnail","hentry","category-naujienos"],"acf":[],"_links":{"self":[{"href":"https:\/\/icm.lt\/en\/wp-json\/wp\/v2\/posts\/9151","targetHints":{"allow":["GET"]}}],"collection":[{"href":"https:\/\/icm.lt\/en\/wp-json\/wp\/v2\/posts"}],"about":[{"href":"https:\/\/icm.lt\/en\/wp-json\/wp\/v2\/types\/post"}],"author":[{"embeddable":true,"href":"https:\/\/icm.lt\/en\/wp-json\/wp\/v2\/users\/3"}],"replies":[{"embeddable":true,"href":"https:\/\/icm.lt\/en\/wp-json\/wp\/v2\/comments?post=9151"}],"version-history":[{"count":1,"href":"https:\/\/icm.lt\/en\/wp-json\/wp\/v2\/posts\/9151\/revisions"}],"predecessor-version":[{"id":9153,"href":"https:\/\/icm.lt\/en\/wp-json\/wp\/v2\/posts\/9151\/revisions\/9153"}],"wp:featuredmedia":[{"embeddable":true,"href":"https:\/\/icm.lt\/en\/wp-json\/wp\/v2\/media\/9152"}],"wp:attachment":[{"href":"https:\/\/icm.lt\/en\/wp-json\/wp\/v2\/media?parent=9151"}],"wp:term":[{"taxonomy":"category","embeddable":true,"href":"https:\/\/icm.lt\/en\/wp-json\/wp\/v2\/categories?post=9151"},{"taxonomy":"post_tag","embeddable":true,"href":"https:\/\/icm.lt\/en\/wp-json\/wp\/v2\/tags?post=9151"}],"curies":[{"name":"wp","href":"https:\/\/api.w.org\/{rel}","templated":true}]}}