{"id":9145,"date":"2026-02-02T16:23:00","date_gmt":"2026-02-02T14:23:00","guid":{"rendered":"https:\/\/icm.lt\/?p=9145"},"modified":"2026-04-24T16:54:59","modified_gmt":"2026-04-24T13:54:59","slug":"icm-group-inicijuota-isvyka-i-europos-futsal-cempionata-birzu-bendruomene-palaike-lietuvos-rinktine","status":"publish","type":"post","link":"https:\/\/icm.lt\/en\/icm-group-inicijuota-isvyka-i-europos-futsal-cempionata-birzu-bendruomene-palaike-lietuvos-rinktine\/","title":{"rendered":"ICM Group inicijuota i\u0161vyka \u012f Europos futsal \u010dempionat\u0105: Bir\u017e\u0173 bendruomen\u0117 palaik\u0117 Lietuvos rinktin\u0119"},"content":{"rendered":"<p>portas da\u017enai prasideda nuo paprasto dalyko \u2013 \u012fkv\u0117pimo. Kartais pakanka vien\u0173 rungtyni\u0173, vienos gyvos patirties ar vieno momento trib\u016bnose, kad jaunas \u017emogus prad\u0117t\u0173 tik\u0117ti savo galimyb\u0117mis. B\u016btent tok\u012f tiksl\u0105 tur\u0117jo <strong>sausio 28 dien\u0105 organizuota Bir\u017e\u0173 futbolo bendruomen\u0117s i\u0161vyka \u012f Europos futsal \u010dempionat\u0105 Kaune<\/strong>, kur dalyviai vyko palaikyti Lietuvos rinktin\u0117s.<\/p>\n\n\n\n<p>\u0160i iniciatyva vir\u0161ijo l\u016bkes\u010dius dar net neprasid\u0117jusi. Vos paskelbus apie planuojam\u0105 kelion\u0119, susidom\u0117jimas buvo toks didelis, kad per pusdien\u012f buvo u\u017epildyti net du autobusai. Tai ai\u0161kiai parod\u0117, kad bendruomen\u0117je yra didelis poreikis ne tik steb\u0117ti sport\u0105, bet ir b\u016bti jo dalimi.<\/p>\n\n\n\n<h2 class=\"wp-block-heading\">I\u0161vyka, kuri suvienijo bendruomen\u0119<\/h2>\n\n\n\n<p>I\u0161 viso \u012f kelion\u0119 i\u0161vyko <strong>76 dalyviai i\u0161 Bir\u017e\u0173 kra\u0161to<\/strong> \u2013 vaikai ir j\u0173 t\u0117vai. Tai buvo ne tik sporto renginio lankymas, bet ir bendra patirtis, kuri sujung\u0117 skirtingas kartas.<\/p>\n\n\n\n<p>Kelion\u0117 \u012f Kaun\u0105 tapo:<\/p>\n\n\n\n<ul class=\"wp-block-list\">\n<li>bendru nuotykiu<\/li>\n\n\n\n<li>galimybe pab\u016bti kartu<\/li>\n\n\n\n<li>proga patirti auk\u0161to lygio sporto atmosfer\u0105 gyvai<\/li>\n<\/ul>\n\n\n\n<p>Trib\u016bnose tvyrojusi emocija, sirgali\u0173 palaikymas ir rungtyni\u0173 intensyvumas suk\u016br\u0117 patirt\u012f, kurios ne\u012fmanoma perteikti per ekran\u0105. B\u016btent tokios akimirkos da\u017enai tampa l\u016b\u017eio ta\u0161ku, kai sportas i\u0161 hobio tampa tikslu.<\/p>\n\n\n\n<h2 class=\"wp-block-heading\">Kod\u0117l tokios iniciatyvos yra svarbios?<\/h2>\n\n\n\n<p>\u0160iandien jaunimas susiduria su daugybe pasirinkim\u0173, ta\u010diau ne visada turi galimyb\u0119 patirti tai, kas i\u0161 tikr\u0173j\u0173 \u012fkvepia. Tokios i\u0161vykos leid\u017eia pamatyti sport\u0105 i\u0161 arti ir suprasti, kiek daug galima pasiekti per disciplin\u0105, darb\u0105 ir tik\u0117jim\u0105 savimi.<\/p>\n\n\n\n<p>\u0160ios kelion\u0117s tikslas buvo ai\u0161kus \u2013 ne tik nuvykti \u012f rungtynes, bet ir:<\/p>\n\n\n\n<ul class=\"wp-block-list\">\n<li>\u012fkv\u0117pti jaunim\u0105 dom\u0117tis sportu<\/li>\n\n\n\n<li>skatinti siekti tiksl\u0173<\/li>\n\n\n\n<li>stiprinti bendryst\u0117s jausm\u0105<\/li>\n\n\n\n<li>kurti pozityvias emocijas \u0161eimose<\/li>\n<\/ul>\n\n\n\n<p>Ir b\u016btent \u010dia slypi tikroji tokios iniciatyvos vert\u0117.<\/p>\n\n\n\n<p>I\u0161 vaik\u0173 reakcij\u0173 ir t\u0117v\u0173 atsiliepim\u0173 tapo ai\u0161ku \u2013 \u0161i i\u0161vyka buvo daugiau nei s\u0117kminga. Ji paliko stipr\u0173 emocin\u012f \u012fsp\u016bd\u012f, kuris i\u0161liks dar ilgai po renginio.<\/p>\n\n\n\n<p>Vaikams tai buvo:<\/p>\n\n\n\n<ul class=\"wp-block-list\">\n<li>pirmas tokio lygio sporto renginys<\/li>\n\n\n\n<li>galimyb\u0117 pamatyti savo herojus gyvai<\/li>\n\n\n\n<li>\u012fkv\u0117pimas siekti daugiau<\/li>\n<\/ul>\n\n\n\n<p>T\u0117vams tai buvo:<\/p>\n\n\n\n<ul class=\"wp-block-list\">\n<li>proga praleisti kokybi\u0161k\u0105 laik\u0105 su vaikais<\/li>\n\n\n\n<li>galimyb\u0117 matyti j\u0173 d\u017eiaugsm\u0105 ir \u012fsitraukim\u0105<\/li>\n\n\n\n<li>bendras patyrimas, kuris stiprina ry\u0161\u012f<\/li>\n<\/ul>\n\n\n\n<p>Tokios emocijos kuria ne tik prisiminimus, bet ir vertybes. <strong>Kartais vienas renginys gali \u012fkv\u0117pti daugiau nei \u0161imtai \u017eod\u017ei\u0173.<\/strong><\/p>\n\n\n\n<p><\/p>","protected":false},"excerpt":{"rendered":"<p>portas da\u017enai prasideda nuo paprasto dalyko \u2013 \u012fkv\u0117pimo. Kartais pakanka vien\u0173 rungtyni\u0173, vienos gyvos patirties ar vieno momento trib\u016bnose, kad jaunas \u017emogus prad\u0117t\u0173 tik\u0117ti savo galimyb\u0117mis. B\u016btent tok\u012f tiksl\u0105 tur\u0117jo sausio 28 dien\u0105 organizuota Bir\u017e\u0173 futbolo bendruomen\u0117s i\u0161vyka \u012f Europos futsal \u010dempionat\u0105 Kaune, kur dalyviai vyko palaikyti Lietuvos rinktin\u0117s. \u0160i iniciatyva vir\u0161ijo l\u016bkes\u010dius dar net [&hellip;]<\/p>\n","protected":false},"author":3,"featured_media":9146,"comment_status":"closed","ping_status":"closed","sticky":false,"template":"","format":"standard","meta":{"_acf_changed":false,"footnotes":""},"categories":[23],"tags":[],"class_list":["post-9145","post","type-post","status-publish","format-standard","has-post-thumbnail","hentry","category-naujienos"],"acf":[],"_links":{"self":[{"href":"https:\/\/icm.lt\/en\/wp-json\/wp\/v2\/posts\/9145","targetHints":{"allow":["GET"]}}],"collection":[{"href":"https:\/\/icm.lt\/en\/wp-json\/wp\/v2\/posts"}],"about":[{"href":"https:\/\/icm.lt\/en\/wp-json\/wp\/v2\/types\/post"}],"author":[{"embeddable":true,"href":"https:\/\/icm.lt\/en\/wp-json\/wp\/v2\/users\/3"}],"replies":[{"embeddable":true,"href":"https:\/\/icm.lt\/en\/wp-json\/wp\/v2\/comments?post=9145"}],"version-history":[{"count":1,"href":"https:\/\/icm.lt\/en\/wp-json\/wp\/v2\/posts\/9145\/revisions"}],"predecessor-version":[{"id":9147,"href":"https:\/\/icm.lt\/en\/wp-json\/wp\/v2\/posts\/9145\/revisions\/9147"}],"wp:featuredmedia":[{"embeddable":true,"href":"https:\/\/icm.lt\/en\/wp-json\/wp\/v2\/media\/9146"}],"wp:attachment":[{"href":"https:\/\/icm.lt\/en\/wp-json\/wp\/v2\/media?parent=9145"}],"wp:term":[{"taxonomy":"category","embeddable":true,"href":"https:\/\/icm.lt\/en\/wp-json\/wp\/v2\/categories?post=9145"},{"taxonomy":"post_tag","embeddable":true,"href":"https:\/\/icm.lt\/en\/wp-json\/wp\/v2\/tags?post=9145"}],"curies":[{"name":"wp","href":"https:\/\/api.w.org\/{rel}","templated":true}]}}