{"id":9138,"date":"2026-01-12T16:09:00","date_gmt":"2026-01-12T14:09:00","guid":{"rendered":"https:\/\/icm.lt\/?p=9138"},"modified":"2026-04-24T16:54:00","modified_gmt":"2026-04-24T13:54:00","slug":"icm-group-kaledinis-namelis-pabirzeje-bendryste-skoniai-ir-paramos-akcija","status":"publish","type":"post","link":"https:\/\/icm.lt\/en\/icm-group-kaledinis-namelis-pabirzeje-bendryste-skoniai-ir-paramos-akcija\/","title":{"rendered":"ICM Group kal\u0117dinis namelis Pabir\u017e\u0117je: bendryst\u0117, skoniai ir paramos akcija"},"content":{"rendered":"<p>Dauguma kal\u0117dini\u0173 iniciatyv\u0173 baigiasi kartu su \u0161vent\u0117mis. Ta\u010diau yra toki\u0173, kurios palieka ilgalaik\u012f p\u0117dsak\u0105 \u2013 ne tik emocijose, bet ir bendruomen\u0117je.<\/p>\n\n\n\n<p>B\u016btent tokia tapo <strong>ICM Group kal\u0117din\u0117 iniciatyva Pabir\u017e\u0117je<\/strong>, kuri prasid\u0117jo nuo egl\u0117s \u012f\u017eiebimo ir i\u0161augo \u012f vis\u0105 m\u0117nes\u012f trukusi\u0105 bendryst\u0117s, \u0161ilumos ir prasming\u0173 veiksm\u0173 istorij\u0105.<\/p>\n\n\n\n<h2 class=\"wp-block-heading\">\u0160vent\u0117s prad\u017eia: egl\u0117, kuri suvienijo miestel\u012f<\/h2>\n\n\n\n<p><strong>Gruod\u017eio 12 dien\u0105<\/strong> viskas prasid\u0117jo nuo vieno svarbiausi\u0173 moment\u0173 \u2013 <strong>Kal\u0117d\u0173 egl\u0117s \u012f\u017eiebimo Pabir\u017e\u0117je<\/strong>.<\/p>\n\n\n\n<p>\u0160i egl\u0117 tapo ne tik \u0161ventiniu akcentu, bet ir simboliu, aplink kur\u012f susib\u016br\u0117 visa bendruomen\u0117.<\/p>\n\n\n\n<p>Prie \u0161io rezultato prisid\u0117jo:<\/p>\n\n\n\n<ul class=\"wp-block-list\">\n<li><strong>\u201eCity Lights\u201c komanda (UAB Ap\u0161vietimo id\u0117jos)<\/strong><\/li>\n\n\n\n<li>interjero dizaineris <strong>Sigitas Praspaliauskas<\/strong><\/li>\n<\/ul>\n\n\n\n<p>B\u016btent j\u0173 d\u0117ka miestelis nu\u0161vito ir \u012fgavo tikr\u0105 \u0161ventin\u0119 dvasi\u0105.<\/p>\n\n\n\n<h2 class=\"wp-block-heading\">ICM Group kal\u0117dinis namelis \u2013 daugiau nei vai\u0161\u0117s<\/h2>\n\n\n\n<p>Po egl\u0117s \u012f\u017eiebimo \u0161vent\u0117 nesibaig\u0117.<\/p>\n\n\n\n<p>Iki pat <strong>sausio 4 dienos<\/strong> \u0161alia Pabir\u017e\u0117s ba\u017eny\u010dios veik\u0117 <strong>ICM Group kal\u0117dinis namelis<\/strong>, tap\u0119s traukos centru tiek vietos gyventojams, tiek sve\u010diams.<\/p>\n\n\n\n<p>Tai buvo vieta, kur:<\/p>\n\n\n\n<ul class=\"wp-block-list\">\n<li>netr\u016bko \u0161ilumos<\/li>\n\n\n\n<li>skland\u0117 \u0161ventin\u0117 nuotaika<\/li>\n\n\n\n<li>\u017emon\u0117s gal\u0117jo sustoti ir pab\u016bti kartu<\/li>\n<\/ul>\n\n\n\n<p>Sve\u010diams buvo nemokamai dalinami:<\/p>\n\n\n\n<ul class=\"wp-block-list\">\n<li>belgi\u0161ki vafliai<\/li>\n\n\n\n<li>kar\u0161ta kakava<\/li>\n\n\n\n<li>kava ir arbata<\/li>\n<\/ul>\n\n\n\n<p>Skai\u010diai kalba patys u\u017e save:<\/p>\n\n\n\n<ul class=\"wp-block-list\">\n<li>5 504 vafliai<\/li>\n\n\n\n<li>912 puodeli\u0173 kakavos<\/li>\n\n\n\n<li>515 puodeli\u0173 kavos<\/li>\n\n\n\n<li>197 puodeliai arbatos<\/li>\n<\/ul>\n\n\n\n<p>Ta\u010diau svarbiausia ne kiekiai.<\/p>\n\n\n\n<p>Svarbiausia \u2013 <strong>patirtis ir emocija<\/strong>, kuri\u0105 \u017emon\u0117s parsine\u0161\u0117 su savimi.<\/p>\n\n\n\n<h2 class=\"wp-block-heading\">Bendruomen\u0117, kuri nori duoti, o ne tik gauti<\/h2>\n\n\n\n<p>\u012edomiausia \u0161ios iniciatyvos dalis \u012fvyko visi\u0161kai nat\u016braliai.<\/p>\n\n\n\n<p>Daugelis \u017emoni\u0173 nenor\u0117jo vai\u0161intis nemokamai.<\/p>\n\n\n\n<p>Taip gim\u0117 id\u0117ja \u2013 <strong>vai\u0161es paversti prasminga paramos akcija<\/strong>.<\/p>\n\n\n\n<p>Buvo prad\u0117tos rinkti aukos <strong>Pabir\u017e\u0117s ba\u017eny\u010dios ap\u0161vietimo atnaujinimui<\/strong>.<\/p>\n\n\n\n<p>Planuojama:<\/p>\n\n\n\n<ul class=\"wp-block-list\">\n<li>senus \u0161viestuvus pakeisti ekonomi\u0161kais LED<\/li>\n\n\n\n<li>esteti\u0161kai ap\u0161viesti ba\u017eny\u010di\u0105<\/li>\n\n\n\n<li>nacionalini\u0173 \u0161ven\u010di\u0173 metu ap\u0161viesti j\u0105 Lietuvos trispalv\u0117s spalvomis<\/li>\n<\/ul>\n\n\n\n<p>Tai paprasta, bet labai stipri mintis \u2013 <strong>bendruomen\u0117 pati kuria pokyt\u012f<\/strong>.<\/p>\n\n\n\n<h2 class=\"wp-block-heading\">Partneryst\u0117s, kurios kuria rezultat\u0105<\/h2>\n\n\n\n<p>Tokio masto iniciatyvos ne\u012fvyksta be stipri\u0173 partneri\u0173.<\/p>\n\n\n\n<p>Did\u017eiausia pad\u0117ka skiriama:<\/p>\n\n\n\n<ul class=\"wp-block-list\">\n<li><strong>UAB Ap\u0161vietimo id\u0117jos \u2013 City Lights komandai<\/strong><\/li>\n\n\n\n<li><strong>interjero dizaineriui Sigitui Praspaliauskui<\/strong><\/li>\n\n\n\n<li><strong>\u201eHang\u201c \u2013 rengini\u0173 architektams<\/strong><\/li>\n\n\n\n<li><strong>UAB \u201eInexpro\u201c<\/strong>, prisid\u0117jusiems prie kal\u0117dinio namelio atnaujinimo<\/li>\n\n\n\n<li><strong>Rimantui \u0160opiui<\/strong> u\u017e pagalb\u0105 su kava ir \u012franga<\/li>\n\n\n\n<li><strong>Sigitui Juodzoniui<\/strong>, kuris kiekvien\u0105 sekmadien\u012f gamino \u0161ilt\u0105 maist\u0105<\/li>\n<\/ul>\n\n\n\n<p>Pastarojo ind\u0117lis ypa\u010d \u012fsp\u016bdingas \u2013 i\u0161 viso pagaminta <strong>daugiau nei 450 litr\u0173 \u0161ilto maisto<\/strong>:<\/p>\n\n\n\n<ul class=\"wp-block-list\">\n<li>sriubos<\/li>\n\n\n\n<li>tro\u0161kiniai<\/li>\n\n\n\n<li>baland\u0117liai ir kiti patiekalai<\/li>\n<\/ul>\n\n\n\n<p>Kai \u017emon\u0117s susivienija d\u0117l bendro tikslo \u2013 net paprasta id\u0117ja gali virsti ka\u017ekuo labai dideliu.<\/p>\n\n\n\n<figure class=\"wp-block-image size-large\"><img fetchpriority=\"high\" decoding=\"async\" width=\"1024\" height=\"577\" src=\"https:\/\/icm.lt\/wp-content\/uploads\/2026\/04\/Facebook-group-cover-size-1640x924-4-1024x577.jpg\" alt=\"\" class=\"wp-image-9139\" srcset=\"https:\/\/icm.lt\/wp-content\/uploads\/2026\/04\/Facebook-group-cover-size-1640x924-4-1024x577.jpg 1024w, https:\/\/icm.lt\/wp-content\/uploads\/2026\/04\/Facebook-group-cover-size-1640x924-4-300x169.jpg 300w, https:\/\/icm.lt\/wp-content\/uploads\/2026\/04\/Facebook-group-cover-size-1640x924-4-768x433.jpg 768w, https:\/\/icm.lt\/wp-content\/uploads\/2026\/04\/Facebook-group-cover-size-1640x924-4-1536x865.jpg 1536w, https:\/\/icm.lt\/wp-content\/uploads\/2026\/04\/Facebook-group-cover-size-1640x924-4-18x10.jpg 18w, https:\/\/icm.lt\/wp-content\/uploads\/2026\/04\/Facebook-group-cover-size-1640x924-4-600x338.jpg 600w, https:\/\/icm.lt\/wp-content\/uploads\/2026\/04\/Facebook-group-cover-size-1640x924-4.jpg 1640w\" sizes=\"(max-width: 1024px) 100vw, 1024px\" \/><\/figure>","protected":false},"excerpt":{"rendered":"<p>Dauguma kal\u0117dini\u0173 iniciatyv\u0173 baigiasi kartu su \u0161vent\u0117mis. Ta\u010diau yra toki\u0173, kurios palieka ilgalaik\u012f p\u0117dsak\u0105 \u2013 ne tik emocijose, bet ir bendruomen\u0117je. B\u016btent tokia tapo ICM Group kal\u0117din\u0117 iniciatyva Pabir\u017e\u0117je, kuri prasid\u0117jo nuo egl\u0117s \u012f\u017eiebimo ir i\u0161augo \u012f vis\u0105 m\u0117nes\u012f trukusi\u0105 bendryst\u0117s, \u0161ilumos ir prasming\u0173 veiksm\u0173 istorij\u0105. \u0160vent\u0117s prad\u017eia: egl\u0117, kuri suvienijo miestel\u012f Gruod\u017eio 12 dien\u0105 [&hellip;]<\/p>\n","protected":false},"author":3,"featured_media":9140,"comment_status":"closed","ping_status":"closed","sticky":false,"template":"","format":"standard","meta":{"_acf_changed":false,"footnotes":""},"categories":[23],"tags":[],"class_list":["post-9138","post","type-post","status-publish","format-standard","has-post-thumbnail","hentry","category-naujienos"],"acf":[],"_links":{"self":[{"href":"https:\/\/icm.lt\/en\/wp-json\/wp\/v2\/posts\/9138","targetHints":{"allow":["GET"]}}],"collection":[{"href":"https:\/\/icm.lt\/en\/wp-json\/wp\/v2\/posts"}],"about":[{"href":"https:\/\/icm.lt\/en\/wp-json\/wp\/v2\/types\/post"}],"author":[{"embeddable":true,"href":"https:\/\/icm.lt\/en\/wp-json\/wp\/v2\/users\/3"}],"replies":[{"embeddable":true,"href":"https:\/\/icm.lt\/en\/wp-json\/wp\/v2\/comments?post=9138"}],"version-history":[{"count":1,"href":"https:\/\/icm.lt\/en\/wp-json\/wp\/v2\/posts\/9138\/revisions"}],"predecessor-version":[{"id":9141,"href":"https:\/\/icm.lt\/en\/wp-json\/wp\/v2\/posts\/9138\/revisions\/9141"}],"wp:featuredmedia":[{"embeddable":true,"href":"https:\/\/icm.lt\/en\/wp-json\/wp\/v2\/media\/9140"}],"wp:attachment":[{"href":"https:\/\/icm.lt\/en\/wp-json\/wp\/v2\/media?parent=9138"}],"wp:term":[{"taxonomy":"category","embeddable":true,"href":"https:\/\/icm.lt\/en\/wp-json\/wp\/v2\/categories?post=9138"},{"taxonomy":"post_tag","embeddable":true,"href":"https:\/\/icm.lt\/en\/wp-json\/wp\/v2\/tags?post=9138"}],"curies":[{"name":"wp","href":"https:\/\/api.w.org\/{rel}","templated":true}]}}