{"id":9132,"date":"2026-01-02T15:53:00","date_gmt":"2026-01-02T13:53:00","guid":{"rendered":"https:\/\/icm.lt\/?p=9132"},"modified":"2026-04-24T16:52:31","modified_gmt":"2026-04-24T13:52:31","slug":"oskaru-ikveptas-icm-group-vakarelis-kurybiskumo-svarba-versle","status":"publish","type":"post","link":"https:\/\/icm.lt\/en\/oskaru-ikveptas-icm-group-vakarelis-kurybiskumo-svarba-versle\/","title":{"rendered":"Oskar\u0173 \u012fkv\u0117ptas ICM Group vakar\u0117lis: k\u016brybi\u0161kumo svarba versle"},"content":{"rendered":"<p>Dauguma \u012fmoni\u0173 Kal\u0117dinius vakar\u0117lius mato kaip formal\u0173 met\u0173 u\u017edarym\u0105. Ta\u010diau stipriausios komandos juos i\u0161naudoja kitaip \u2013 kaip galimyb\u0119 stiprinti ry\u0161\u012f, skatinti k\u016brybi\u0161kum\u0105 ir i\u0161laisvinti \u017emones i\u0161 kasdien\u0117s rutinos.<\/p>\n\n\n\n<p>B\u016btent toki\u0105 krypt\u012f pasirinko ir <strong>ICM Group<\/strong>, \u0161iemet savo komand\u0105 pakvietusi \u012f i\u0161skirtin\u012f Kal\u0117din\u012f vakar\u0117l\u012f Oskar\u0173 ceremonijos tema.<\/p>\n\n\n\n<h2 class=\"wp-block-heading\">Ne tik \u0161vent\u0117 \u2013 patirtis, kuri suartina komand\u0105<\/h2>\n\n\n\n<p>Prie\u0161 did\u017ei\u0105sias met\u0173 \u0161ventes <strong>ICM komanda susib\u016br\u0117 \u012f ypating\u0105 vakar\u0105<\/strong>, kuriame kiekvienas tur\u0117jo galimyb\u0119 tapti ka\u017ekuo kitu.<\/p>\n\n\n\n<p>\u0160io renginio esm\u0117 buvo paprasta, bet labai stipri:<\/p>\n\n\n\n<ul class=\"wp-block-list\">\n<li>\u012fsik\u016bnyti \u012f fikcin\u012f persona\u017e\u0105<\/li>\n\n\n\n<li>\u017eengti raudonu kilimu<\/li>\n\n\n\n<li>parodyti savo k\u016brybi\u0161kum\u0105<\/li>\n<\/ul>\n\n\n\n<p>Tai nebuvo tik pramoga.<\/p>\n\n\n\n<p>Tai buvo patirtis, kuri leido kolegoms:<\/p>\n\n\n\n<ul class=\"wp-block-list\">\n<li>atsipalaiduoti<\/li>\n\n\n\n<li>i\u0161lipti i\u0161 \u012fprast\u0173 vaidmen\u0173<\/li>\n\n\n\n<li>pamatyti vienas kit\u0105 kitu kampu<\/li>\n<\/ul>\n\n\n\n<p>Ir b\u016btent \u010dia prasideda tikrasis komandos stipr\u0117jimas.<\/p>\n\n\n\n<h2 class=\"wp-block-heading\">Kod\u0117l k\u016brybi\u0161kumas yra kriti\u0161kai svarbus versle?<\/h2>\n\n\n\n<p>Da\u017enai k\u016brybi\u0161kumas siejamas su menu ar pramogomis. Ta\u010diau realyb\u0117je tai yra viena svarbiausi\u0173 savybi\u0173 \u0161iuolaikiniame versle.<\/p>\n\n\n\n<p>K\u016brybi\u0161kumas leid\u017eia:<\/p>\n\n\n\n<ul class=\"wp-block-list\">\n<li>rasti netradicinius sprendimus<\/li>\n\n\n\n<li>grei\u010diau prisitaikyti prie poky\u010di\u0173<\/li>\n\n\n\n<li>i\u0161siskirti konkurencingoje rinkoje<\/li>\n<\/ul>\n\n\n\n<p>\u0160iuolaikin\u0117je aplinkoje nebeu\u017etenka daryti \u201ekaip visi\u201c.<\/p>\n\n\n\n<p>Reikia geb\u0117ti:<\/p>\n\n\n\n<ul class=\"wp-block-list\">\n<li>m\u0105styti kitaip<\/li>\n\n\n\n<li>improvizuoti<\/li>\n\n\n\n<li>kurti naujus sprendimus<\/li>\n<\/ul>\n\n\n\n<p>Ir b\u016btent tokios savyb\u0117s ugdomos ne tik darbo aplinkoje, bet ir tokiose iniciatyvose kaip komandos renginiai.<\/p>\n\n\n\n<p>Stiprios komandos nesiformuoja vien tik per darbo u\u017eduotis.<\/p>\n\n\n\n<p>Jos kuriamos per:<\/p>\n\n\n\n<ul class=\"wp-block-list\">\n<li>bendras patirtis<\/li>\n\n\n\n<li>emocijas<\/li>\n\n\n\n<li>neformalius ry\u0161ius<\/li>\n<\/ul>\n\n\n\n<p><strong>ICM Group<\/strong> po\u017ei\u016bris ai\u0161kus \u2013 investicija \u012f komand\u0105 n\u0117ra tik apie darbo rezultatus.<\/p>\n\n\n\n<p>Tai apie:<\/p>\n\n\n\n<ul class=\"wp-block-list\">\n<li>\u017emoni\u0173 \u012fsitraukim\u0105<\/li>\n\n\n\n<li>motyvacij\u0105<\/li>\n\n\n\n<li>bendr\u0105 kult\u016br\u0105<\/li>\n<\/ul>\n\n\n\n<p>Ir b\u016btent tokie renginiai padeda sukurti aplink\u0105, kurioje \u017emon\u0117s nori ne tik dirbti, bet ir b\u016bti. Kitaip tariant \u2013 <strong>stipri komanda = stiprus verslas<\/strong>.<\/p>\n\n\n\n<p><\/p>","protected":false},"excerpt":{"rendered":"<p>Dauguma \u012fmoni\u0173 Kal\u0117dinius vakar\u0117lius mato kaip formal\u0173 met\u0173 u\u017edarym\u0105. Ta\u010diau stipriausios komandos juos i\u0161naudoja kitaip \u2013 kaip galimyb\u0119 stiprinti ry\u0161\u012f, skatinti k\u016brybi\u0161kum\u0105 ir i\u0161laisvinti \u017emones i\u0161 kasdien\u0117s rutinos. B\u016btent toki\u0105 krypt\u012f pasirinko ir ICM Group, \u0161iemet savo komand\u0105 pakvietusi \u012f i\u0161skirtin\u012f Kal\u0117din\u012f vakar\u0117l\u012f Oskar\u0173 ceremonijos tema. Ne tik \u0161vent\u0117 \u2013 patirtis, kuri suartina komand\u0105 Prie\u0161 [&hellip;]<\/p>\n","protected":false},"author":3,"featured_media":9133,"comment_status":"closed","ping_status":"closed","sticky":false,"template":"","format":"standard","meta":{"_acf_changed":false,"footnotes":""},"categories":[23],"tags":[],"class_list":["post-9132","post","type-post","status-publish","format-standard","has-post-thumbnail","hentry","category-naujienos"],"acf":[],"_links":{"self":[{"href":"https:\/\/icm.lt\/en\/wp-json\/wp\/v2\/posts\/9132","targetHints":{"allow":["GET"]}}],"collection":[{"href":"https:\/\/icm.lt\/en\/wp-json\/wp\/v2\/posts"}],"about":[{"href":"https:\/\/icm.lt\/en\/wp-json\/wp\/v2\/types\/post"}],"author":[{"embeddable":true,"href":"https:\/\/icm.lt\/en\/wp-json\/wp\/v2\/users\/3"}],"replies":[{"embeddable":true,"href":"https:\/\/icm.lt\/en\/wp-json\/wp\/v2\/comments?post=9132"}],"version-history":[{"count":1,"href":"https:\/\/icm.lt\/en\/wp-json\/wp\/v2\/posts\/9132\/revisions"}],"predecessor-version":[{"id":9134,"href":"https:\/\/icm.lt\/en\/wp-json\/wp\/v2\/posts\/9132\/revisions\/9134"}],"wp:featuredmedia":[{"embeddable":true,"href":"https:\/\/icm.lt\/en\/wp-json\/wp\/v2\/media\/9133"}],"wp:attachment":[{"href":"https:\/\/icm.lt\/en\/wp-json\/wp\/v2\/media?parent=9132"}],"wp:term":[{"taxonomy":"category","embeddable":true,"href":"https:\/\/icm.lt\/en\/wp-json\/wp\/v2\/categories?post=9132"},{"taxonomy":"post_tag","embeddable":true,"href":"https:\/\/icm.lt\/en\/wp-json\/wp\/v2\/tags?post=9132"}],"curies":[{"name":"wp","href":"https:\/\/api.w.org\/{rel}","templated":true}]}}