{"id":9129,"date":"2025-12-17T15:45:00","date_gmt":"2025-12-17T13:45:00","guid":{"rendered":"https:\/\/icm.lt\/?p=9129"},"modified":"2026-04-24T16:51:36","modified_gmt":"2026-04-24T13:51:36","slug":"icm-group-socialine-atsakomybe-parama-kaledinems-zaidynems-2025-lietuvoje","status":"publish","type":"post","link":"https:\/\/icm.lt\/en\/icm-group-socialine-atsakomybe-parama-kaledinems-zaidynems-2025-lietuvoje\/","title":{"rendered":"ICM Group socialin\u0117 atsakomyb\u0117: parama \u201eKal\u0117din\u0117ms \u017eaidyn\u0117ms 2025\u201c Lietuvoje"},"content":{"rendered":"<p>Kai kalbame apie Kal\u0117das, da\u017enai galvojame apie dovanas, \u0161ventes ir laik\u0105 su artimaisiais. Ta\u010diau yra vaik\u0173, kuriems svarbiausia ne dovanos, o <strong>d\u0117mesys, patirtys ir galimyb\u0117 bent trumpam pasijusti \u0161vent\u0117s dalimi<\/strong>.<\/p>\n\n\n\n<p>B\u016btent toki\u0105 galimyb\u0119 suteik\u0117 <strong>\u201eKal\u0117din\u0117s \u017eaidyn\u0117s 2025\u201c<\/strong> &#8211; tai jau 15-\u0105j\u012f kart\u0105 organizuojamas tradicinis sporto ir pramog\u0173 ypatingas renginys, kuris sub\u016br\u0117 <strong>vaik\u0173 globos nam\u0173 ir dienos centr\u0173 aukl\u0117tinius i\u0161 visos Lietuvos<\/strong>. Prie \u0161ios iniciatyvos prisid\u0117jo ir <strong>ICM Group<\/strong>, tapusi \u0161io renginio generaliniu r\u0117m\u0117ju.<\/p>\n\n\n\n<h2 class=\"wp-block-heading\">\u201eKal\u0117din\u0117s \u017eaidyn\u0117s\u201c \u2013 daugiau nei renginys<\/h2>\n\n\n\n<p>Gruod\u017eio 16 dien\u0105 vykusios <strong>\u201eKal\u0117din\u0117s \u017eaidyn\u0117s 2025\u201c<\/strong> buvo ne tik pramoginis renginys. Tai buvo diena, skirta vaikams, kuriems tokios patirtys yra ypatingai svarbios.<\/p>\n\n\n\n<p>Renginio metu vaikai:<\/p>\n\n\n\n<ul class=\"wp-block-list\">\n<li>var\u017e\u0117si sportin\u0117se rungtyse<\/li>\n\n\n\n<li>dalyvavo k\u016brybiniuose konkursuose<\/li>\n\n\n\n<li>\u012fsitrauk\u0117 \u012f \u012fvairius turnyrus ir pramogas<\/li>\n<\/ul>\n\n\n\n<p>Visa tai k\u016br\u0117 aplink\u0105, kurioje svarbiausia buvo ne rezultatai, o <strong>emocijos, \u012fsitraukimas ir bendryst\u0117<\/strong>.<\/p>\n\n\n\n<h2 class=\"wp-block-heading\">Sportas, \u012fkv\u0117pimas ir tikros emocijos<\/h2>\n\n\n\n<p>Vienas i\u0161 svarbiausi\u0173 \u0161io renginio akcent\u0173 \u2013 <strong>\u017einom\u0173 Lietuvos sportinink\u0173 dalyvavimas<\/strong>.<\/p>\n\n\n\n<p>J\u0173 buvimas:<\/p>\n\n\n\n<ul class=\"wp-block-list\">\n<li>\u012fkv\u0117p\u0117 vaikus<\/li>\n\n\n\n<li>suk\u016br\u0117 dar stipresn\u0119 \u0161ventin\u0119 atmosfer\u0105<\/li>\n\n\n\n<li>leido vaikams pabendrauti su savo autoritetais<\/li>\n<\/ul>\n\n\n\n<p>Tokios akimirkos da\u017enai tampa ilgalaikiu \u012fkv\u0117pimu \u2013 jos parodo, kad <strong>svajon\u0117s yra pasiekiamos<\/strong>, o pastangos gali vesti \u012f didelius rezultatus.<\/p>\n\n\n\n<h2 class=\"wp-block-heading\">ICM Group po\u017ei\u016bris: kod\u0117l svarbu b\u016bti dalimi<\/h2>\n\n\n\n<p><strong>ICM Group<\/strong>, b\u016bdama \u0161io renginio generaliniu r\u0117m\u0117ju, prisid\u0117jo prie to, kad \u0161i \u0161vent\u0117 \u012fvykt\u0173 ir b\u016bt\u0173 kokybi\u0161ka.<\/p>\n\n\n\n<p>Ta\u010diau svarbiausia \u010dia ne pats r\u0117mimas.<\/p>\n\n\n\n<p>Svarbiausia \u2013 po\u017ei\u016bris.<\/p>\n\n\n\n<p>\u0160iandien vis daugiau kalbama apie verslo socialin\u0119 atsakomyb\u0119, ta\u010diau tikrieji veiksmai matomi tada, kai \u012fmon\u0117s:<\/p>\n\n\n\n<ul class=\"wp-block-list\">\n<li>realiai prisideda prie iniciatyv\u0173<\/li>\n\n\n\n<li>investuoja \u012f bendruomen\u0119<\/li>\n\n\n\n<li>kuria vert\u0119 ne tik sau, bet ir kitiems<\/li>\n<\/ul>\n\n\n\n<p><strong>ICM Group<\/strong> tiki, kad kiekvienas vaikas nusipelno kokybi\u0161kos vaikyst\u0117s. Ir tokios iniciatyvos yra b\u016bdas tai paversti realybe.<\/p>\n\n\n\n<p>Pasak <strong>ICM Group generalinio direktoriaus Igno Flenderio<\/strong>, sprendimas prisid\u0117ti prie \u0161ios iniciatyvos buvo nat\u016bralus. <\/p>\n\n\n\n<blockquote class=\"wp-block-quote is-layout-flow wp-block-quote-is-layout-flow\">\n<blockquote class=\"wp-block-quote is-layout-flow wp-block-quote-is-layout-flow\">\n<p>\u201eMes tikime, kad verslas turi kurti vert\u0119 ne tik skai\u010diais, bet ir realiais veiksmais. Kal\u0117din\u0117s \u017eaidyn\u0117s yra b\u016btent ta vieta, kur gali matyti tiesiogin\u012f poveik\u012f \u2013 vaik\u0173 emocijas, \u0161ypsenas ir tikr\u0105 d\u017eiaugsm\u0105. Tokios akimirkos primena, kod\u0117l svarbu sustoti ir prisid\u0117ti prie dalyk\u0173, kurie turi ilgalaik\u0119 prasm\u0119.\u201c<\/p>\n<\/blockquote>\n\n\n\n<blockquote class=\"wp-block-quote is-layout-flow wp-block-quote-is-layout-flow\">\n<p>\u201eKiekvienas vaikas nusipelno galimyb\u0117s patirti vaikyst\u0119 su kuo daugiau pozityvi\u0173 emocij\u0173. Jei galime bent ma\u017ea dalimi prie to prisid\u0117ti \u2013 tai n\u0117ra pasirinkimas, tai yra atsakomyb\u0117. Ir b\u016btent tokios iniciatyvos kuria tikr\u0105 vert\u0119 visuomenei.\u201c<\/p>\n<\/blockquote>\n<\/blockquote>\n\n\n\n<p>Savo \u012f\u017evalgomis dalijasi ir <strong>ICM Group operacij\u0173 vadovas Martynas Kubilius<\/strong>:<\/p>\n\n\n\n<blockquote class=\"wp-block-quote is-layout-flow wp-block-quote-is-layout-flow\">\n<blockquote class=\"wp-block-quote is-layout-flow wp-block-quote-is-layout-flow\">\n<p>\u201e\u0160is renginys n\u0117ra tik apie sport\u0105 ar pramogas. Tai apie galimyb\u0119 vaikams jaustis matomais, svarbiais ir \u012fvertintais. Kartais net trumpa patirtis gali palikti labai gil\u0173 p\u0117dsak\u0105, kuris i\u0161lieka ilgai.\u201c<\/p>\n<\/blockquote>\n\n\n\n<blockquote class=\"wp-block-quote is-layout-flow wp-block-quote-is-layout-flow\">\n<p>\u201eMatydami vaik\u0173 \u012fsitraukim\u0105 ir emocijas, suprantame, kad tokios iniciatyvos yra b\u016btinos. Jos ne tik sukuria \u0161vent\u0119, bet ir stiprina pasitik\u0117jim\u0105 savimi bei motyvacij\u0105. Tod\u0117l mums svarbu b\u016bti \u0161ios bendryst\u0117s dalimi ir prisid\u0117ti prie jos augimo.\u201c<\/p>\n<\/blockquote>\n<\/blockquote>\n\n\n\n<p>Did\u017eiausi poky\u010diai prasideda nuo paprast\u0173, bet nuo\u0161ird\u017ei\u0173 veiksm\u0173.<\/p>","protected":false},"excerpt":{"rendered":"<p>Kai kalbame apie Kal\u0117das, da\u017enai galvojame apie dovanas, \u0161ventes ir laik\u0105 su artimaisiais. Ta\u010diau yra vaik\u0173, kuriems svarbiausia ne dovanos, o d\u0117mesys, patirtys ir galimyb\u0117 bent trumpam pasijusti \u0161vent\u0117s dalimi. B\u016btent toki\u0105 galimyb\u0119 suteik\u0117 \u201eKal\u0117din\u0117s \u017eaidyn\u0117s 2025\u201c &#8211; tai jau 15-\u0105j\u012f kart\u0105 organizuojamas tradicinis sporto ir pramog\u0173 ypatingas renginys, kuris sub\u016br\u0117 vaik\u0173 globos nam\u0173 ir [&hellip;]<\/p>\n","protected":false},"author":3,"featured_media":9130,"comment_status":"closed","ping_status":"closed","sticky":false,"template":"","format":"standard","meta":{"_acf_changed":false,"footnotes":""},"categories":[23],"tags":[],"class_list":["post-9129","post","type-post","status-publish","format-standard","has-post-thumbnail","hentry","category-naujienos"],"acf":[],"_links":{"self":[{"href":"https:\/\/icm.lt\/en\/wp-json\/wp\/v2\/posts\/9129","targetHints":{"allow":["GET"]}}],"collection":[{"href":"https:\/\/icm.lt\/en\/wp-json\/wp\/v2\/posts"}],"about":[{"href":"https:\/\/icm.lt\/en\/wp-json\/wp\/v2\/types\/post"}],"author":[{"embeddable":true,"href":"https:\/\/icm.lt\/en\/wp-json\/wp\/v2\/users\/3"}],"replies":[{"embeddable":true,"href":"https:\/\/icm.lt\/en\/wp-json\/wp\/v2\/comments?post=9129"}],"version-history":[{"count":1,"href":"https:\/\/icm.lt\/en\/wp-json\/wp\/v2\/posts\/9129\/revisions"}],"predecessor-version":[{"id":9131,"href":"https:\/\/icm.lt\/en\/wp-json\/wp\/v2\/posts\/9129\/revisions\/9131"}],"wp:featuredmedia":[{"embeddable":true,"href":"https:\/\/icm.lt\/en\/wp-json\/wp\/v2\/media\/9130"}],"wp:attachment":[{"href":"https:\/\/icm.lt\/en\/wp-json\/wp\/v2\/media?parent=9129"}],"wp:term":[{"taxonomy":"category","embeddable":true,"href":"https:\/\/icm.lt\/en\/wp-json\/wp\/v2\/categories?post=9129"},{"taxonomy":"post_tag","embeddable":true,"href":"https:\/\/icm.lt\/en\/wp-json\/wp\/v2\/tags?post=9129"}],"curies":[{"name":"wp","href":"https:\/\/api.w.org\/{rel}","templated":true}]}}