{"id":8850,"date":"2025-11-14T16:17:00","date_gmt":"2025-11-14T14:17:00","guid":{"rendered":"https:\/\/icm.lt\/?p=8850"},"modified":"2026-04-07T16:27:31","modified_gmt":"2026-04-07T13:27:31","slug":"icm-logistics-pletra-europoje-izvalgos-is-translogistica-poland-2025-parodos","status":"publish","type":"post","link":"https:\/\/icm.lt\/en\/icm-logistics-pletra-europoje-izvalgos-is-translogistica-poland-2025-parodos\/","title":{"rendered":"ICM Logistics pl\u0117tra Europoje: \u012f\u017evalgos i\u0161 \u201eTransLogistica Poland 2025\u201c parodos"},"content":{"rendered":"<p>Logistikos sektorius \u0161iandien kei\u010diasi grei\u010diau nei bet kada anks\u010diau. Augant e. komercijai, did\u0117jant klient\u0173 l\u016bkes\u010diams ir spart\u0117jant technologiniams poky\u010diams, verslai susiduria su vienu esminiu klausimu \u2013 <strong>kaip i\u0161likti efektyviems ir konkurencingiems tarptautin\u0117je rinkoje?<\/strong><\/p>\n\n\n\n<p>Atsakym\u0173 \u012f \u0161\u012f klausim\u0105 ie\u0161ko ir rinkos lyderiai, susitinkantys viename svarbiausi\u0173 regiono rengini\u0173 \u2013 <strong>\u201eTransLogistica Poland 2025\u201c<\/strong>, vykusiame Var\u0161uvoje. \u0160iais metais parodoje dalyvavo ir <strong>ICM Group vadovyb\u0117<\/strong> &#8211; generalinis direktorius Ignas Flenderis ir operacij\u0173 vadovas Martynas Kubilius, aktyviai stiprinanti <strong>ICM Logistics<\/strong> krypt\u012f tarptautiniu mastu.<\/p>\n\n\n\n<p><\/p>\n\n\n\n<h2 class=\"wp-block-heading\">\u201eTransLogistica Poland\u201c \u2013 svarbi logistikos platforma Europoje<\/h2>\n\n\n\n<p><strong>\u201eTransLogistica Poland\u201c<\/strong> \u2013 tai viena did\u017eiausi\u0173 transporto ir logistikos parod\u0173 Vidurio ir Ryt\u0173 Europoje. Kasmet ji suburia:<\/p>\n\n\n\n<ul class=\"wp-block-list\">\n<li>logistikos \u012fmones<\/li>\n\n\n\n<li>transporto sprendim\u0173 tiek\u0117jus<\/li>\n\n\n\n<li>technologij\u0173 k\u016br\u0117jus<\/li>\n\n\n\n<li>sprendim\u0173 pri\u0117m\u0117jus i\u0161 visos Europos<\/li>\n<\/ul>\n\n\n\n<p>\u0160is renginys yra daugiau nei paroda. Tai platforma, kurioje:<\/p>\n\n\n\n<ul class=\"wp-block-list\">\n<li>gimsta naujos partneryst\u0117s<\/li>\n\n\n\n<li>pristatomos inovacijos<\/li>\n\n\n\n<li>aptariamos realios rinkos problemos<\/li>\n<\/ul>\n\n\n\n<p>B\u016btent tod\u0117l dalyvavimas tokiame renginyje yra svarbus kiekvienai \u012fmonei, siekian\u010diai augti tarptautiniu mastu.<\/p>\n\n\n\n<p><\/p>\n\n\n\n<h2 class=\"wp-block-heading\">Kod\u0117l ICM Logistics dalyvavimas buvo strategi\u0161kai svarbus?<\/h2>\n\n\n\n<p><strong>ICM Group<\/strong> dalyvavimas \u201eTransLogistica Poland 2025\u201c tur\u0117jo ai\u0161ki\u0105 krypt\u012f \u2013 <strong>pl\u0117sti ICM Logistics veikl\u0105 tarptautin\u0117je rinkoje<\/strong> ir stiprinti pozicijas konkurencingoje aplinkoje.<\/p>\n\n\n\n<p>Renginio metu pagrindinis d\u0117mesys buvo skiriamas:<\/p>\n\n\n\n<ul class=\"wp-block-list\">\n<li>nauj\u0173 verslo kontakt\u0173 u\u017emezgimui<\/li>\n\n\n\n<li>bendradarbiavimo galimybi\u0173 paie\u0161kai<\/li>\n\n\n\n<li>rinkos tendencij\u0173 analizei<\/li>\n<\/ul>\n\n\n\n<p>Tokie renginiai leid\u017eia ne tik pristatyti savo paslaugas, bet ir suprasti, ko \u0161iandien i\u0161 tikr\u0173j\u0173 reikia klientams.<\/p>\n\n\n\n<p><\/p>\n\n\n\n<h2 class=\"wp-block-heading\">Kokios tendencijos formuoja logistikos sektori\u0173?<\/h2>\n\n\n\n<p>Vienas svarbiausi\u0173 aspekt\u0173, i\u0161ry\u0161k\u0117jusi\u0173 \u201eTransLogistica Poland 2025\u201c metu \u2013 ai\u0161ki rinkos kryptis \u012f <strong>efektyvum\u0105, skaitmenizacij\u0105 ir lankstum\u0105<\/strong>.<\/p>\n\n\n\n<p>Verslai vis daugiau d\u0117mesio skiria:<\/p>\n\n\n\n<ul class=\"wp-block-list\">\n<li><strong>tiekimo grandini\u0173 optimizavimui<\/strong><\/li>\n\n\n\n<li><strong>duomen\u0173 analitikai ir proces\u0173 automatizavimui<\/strong><\/li>\n\n\n\n<li><strong>greitesniam reagavimui \u012f rinkos poky\u010dius<\/strong><\/li>\n<\/ul>\n\n\n\n<p>Ta\u010diau kartu i\u0161lieka ir kita realyb\u0117 \u2013 technologijos pa\u010dios savaime nesukuria rezultato.<\/p>\n\n\n\n<p>Tam reikalingi \u017emon\u0117s.<\/p>\n\n\n\n<p><\/p>\n\n\n\n<h2 class=\"wp-block-heading\">Darbo j\u0117gos valdymas \u2013 kritinis s\u0117km\u0117s faktorius<\/h2>\n\n\n\n<p>Net ir pa\u017eangiausios logistikos sistemos neveiks be stiprios komandos.<\/p>\n\n\n\n<p>Tod\u0117l vis daugiau \u012fmoni\u0173 ie\u0161ko sprendim\u0173, kurie pad\u0117t\u0173:<\/p>\n\n\n\n<ul class=\"wp-block-list\">\n<li>greitai rasti kvalifikuotus darbuotojus<\/li>\n\n\n\n<li>u\u017etikrinti darbo proces\u0173 stabilum\u0105<\/li>\n\n\n\n<li>prisitaikyti prie kintan\u010di\u0173 darbo apim\u010di\u0173<\/li>\n<\/ul>\n\n\n\n<p>\u010cia svarb\u0173 vaidmen\u012f atlieka <strong>personalo valdymo partneriai<\/strong>, kurie gali pasi\u016blyti ne tik darbuotojus, bet ir <strong>strateginius sprendimus verslui<\/strong>.<\/p>\n\n\n\n<p><strong>ICM Group<\/strong>, veikdama kaip personalo valdymo partneris, padeda \u012fmon\u0117ms spr\u0119sti \u0161iuos i\u0161\u0161\u016bkius, si\u016blydama:<\/p>\n\n\n\n<ul class=\"wp-block-list\">\n<li>darbuotoj\u0173 paie\u0161k\u0105<\/li>\n\n\n\n<li>darbuotoj\u0173 atrank\u0105<\/li>\n\n\n\n<li>darbuotoj\u0173 nuomos sprendimus<\/li>\n\n\n\n<li>pagalb\u0105 logistikos ir sand\u0117liavimo sektoriuose<\/li>\n<\/ul>\n\n\n\n<p><\/p>\n\n\n\n<h2 class=\"wp-block-heading\">K\u0105 tai rei\u0161kia klientams?<\/h2>\n\n\n\n<p>Klientams tai rei\u0161kia vien\u0105 svarb\u0173 dalyk\u0105 \u2013 <strong>nuolatin\u012f tobul\u0117jim\u0105<\/strong>.<\/p>\n\n\n\n<p>Kuo geriau ICM Group supranta rink\u0105, tuo efektyviau gali:<\/p>\n\n\n\n<ul class=\"wp-block-list\">\n<li>optimizuoti tiekimo grandines<\/li>\n\n\n\n<li>pasi\u016blyti lanks\u010dius sprendimus<\/li>\n\n\n\n<li>pad\u0117ti verslams augti<\/li>\n<\/ul>\n\n\n\n<p>Tarptautiniai renginiai leid\u017eia i\u0161likti vienu \u017eingsniu priekyje \u2013 o tai \u0161iandienin\u0117je logistikos rinkoje yra kriti\u0161kai svarbu.<\/p>","protected":false},"excerpt":{"rendered":"<p>Logistikos sektorius \u0161iandien kei\u010diasi grei\u010diau nei bet kada anks\u010diau. Augant e. komercijai, did\u0117jant klient\u0173 l\u016bkes\u010diams ir spart\u0117jant technologiniams poky\u010diams, verslai susiduria su vienu esminiu klausimu \u2013 kaip i\u0161likti efektyviems ir konkurencingiems tarptautin\u0117je rinkoje? Atsakym\u0173 \u012f \u0161\u012f klausim\u0105 ie\u0161ko ir rinkos lyderiai, susitinkantys viename svarbiausi\u0173 regiono rengini\u0173 \u2013 \u201eTransLogistica Poland 2025\u201c, vykusiame Var\u0161uvoje. \u0160iais metais parodoje [&hellip;]<\/p>\n","protected":false},"author":3,"featured_media":8851,"comment_status":"closed","ping_status":"closed","sticky":false,"template":"","format":"standard","meta":{"_acf_changed":false,"footnotes":""},"categories":[23],"tags":[],"class_list":["post-8850","post","type-post","status-publish","format-standard","has-post-thumbnail","hentry","category-naujienos"],"acf":[],"_links":{"self":[{"href":"https:\/\/icm.lt\/en\/wp-json\/wp\/v2\/posts\/8850","targetHints":{"allow":["GET"]}}],"collection":[{"href":"https:\/\/icm.lt\/en\/wp-json\/wp\/v2\/posts"}],"about":[{"href":"https:\/\/icm.lt\/en\/wp-json\/wp\/v2\/types\/post"}],"author":[{"embeddable":true,"href":"https:\/\/icm.lt\/en\/wp-json\/wp\/v2\/users\/3"}],"replies":[{"embeddable":true,"href":"https:\/\/icm.lt\/en\/wp-json\/wp\/v2\/comments?post=8850"}],"version-history":[{"count":1,"href":"https:\/\/icm.lt\/en\/wp-json\/wp\/v2\/posts\/8850\/revisions"}],"predecessor-version":[{"id":8852,"href":"https:\/\/icm.lt\/en\/wp-json\/wp\/v2\/posts\/8850\/revisions\/8852"}],"wp:featuredmedia":[{"embeddable":true,"href":"https:\/\/icm.lt\/en\/wp-json\/wp\/v2\/media\/8851"}],"wp:attachment":[{"href":"https:\/\/icm.lt\/en\/wp-json\/wp\/v2\/media?parent=8850"}],"wp:term":[{"taxonomy":"category","embeddable":true,"href":"https:\/\/icm.lt\/en\/wp-json\/wp\/v2\/categories?post=8850"},{"taxonomy":"post_tag","embeddable":true,"href":"https:\/\/icm.lt\/en\/wp-json\/wp\/v2\/tags?post=8850"}],"curies":[{"name":"wp","href":"https:\/\/api.w.org\/{rel}","templated":true}]}}