{"id":8838,"date":"2025-10-06T15:24:00","date_gmt":"2025-10-06T12:24:00","guid":{"rendered":"https:\/\/icm.lt\/?p=8838"},"modified":"2026-04-07T15:42:15","modified_gmt":"2026-04-07T12:42:15","slug":"icm-group-dalyvavo-business-contact-days-antwerp-2025-naujos-partnerystes-ir-verslo-galimybes-belgijoje","status":"publish","type":"post","link":"https:\/\/icm.lt\/en\/icm-group-dalyvavo-business-contact-days-antwerp-2025-naujos-partnerystes-ir-verslo-galimybes-belgijoje\/","title":{"rendered":"ICM Group dalyvavo \u201eBusiness Contact Days Antwerp 2025\u201c: naujos partneryst\u0117s ir verslo galimyb\u0117s Belgijoje"},"content":{"rendered":"<p>Verslo augimas retai vyksta atsitiktinai. Da\u017eniausiai jis prasideda nuo paprasto dalyko \u2013 <strong>teising\u0173 kontakt\u0173, tinkamo momento ir ai\u0161kaus sprendimo pasi\u016blymo<\/strong>. B\u016btent tokia aplinka susiformavo <strong>\u201eBusiness Contact Days Antwerp 2025\u201c<\/strong> renginyje, kuriame dalyvavo ir <strong>ICM Group<\/strong> \u2013 personalo valdymo partneris, aktyviai veikiantis Lietuvos, Belgijos ir Nyderland\u0173 rinkose.<\/p>\n\n\n\n<h2 class=\"wp-block-heading\">Kas yra \u201eBusiness Contact Days Antwerp\u201c ir kod\u0117l tai svarbu?<\/h2>\n\n\n\n<p><strong>\u201eBusiness Contact Days Antwerp\u201c<\/strong> \u2013 tai vienas svarbiausi\u0173 regionini\u0173 verslo rengini\u0173 Belgijoje, orientuotas \u012f <strong>Antverpeno ir Waasland region\u0173 verslo bendruomen\u0119<\/strong>. \u010cia susitinka skirting\u0173 sektori\u0173 \u012fmon\u0117s \u2013 nuo logistikos ir sand\u0117liavimo iki gamybos ir paslaug\u0173.<\/p>\n\n\n\n<p>Pagrindinis \u0161io renginio tikslas \u2013 <strong>skatinti tiesioginius verslo kontaktus<\/strong>, kurie virsta realiomis partneryst\u0117mis.<\/p>\n\n\n\n<p>Skirtingai nuo dideli\u0173 tarptautini\u0173 parod\u0173, \u0161is renginys i\u0161siskiria tuo, kad:<\/p>\n\n\n\n<ul class=\"wp-block-list\">\n<li>fokusas yra \u012f <strong>vietin\u0119 rink\u0105 ir realius verslo poreikius<\/strong><\/li>\n\n\n\n<li>vyksta daug <strong>gyv\u0173 susitikim\u0173<\/strong><\/li>\n\n\n\n<li>sprendimai aptariami \u010dia ir dabar.<\/li>\n<\/ul>\n\n\n\n<p>B\u016btent d\u0117l to jis yra itin vertingas \u012fmon\u0117ms, kurios nori <strong>pl\u0117stis Belgijoje arba stiprinti savo pozicijas \u0161iame regione<\/strong>.<\/p>\n\n\n\n<p><\/p>\n\n\n\n<h2 class=\"wp-block-heading\">K\u0105 \u0161iame renginyje veik\u0117 ICM Group?<\/h2>\n\n\n\n<p><strong>ICM Group<\/strong> dalyvavimas \u201eBusiness Contact Days Antwerp 2025\u201c tur\u0117jo ai\u0161k\u0173 tiksl\u0105 \u2013 ne tik b\u016bti matomiems, bet ir kurti reali\u0105 vert\u0119 verslams, kurie susiduria su kasdieniais operaciniais i\u0161\u0161\u016bkiais.<\/p>\n\n\n\n<p>Renginio metu komanda:<\/p>\n\n\n\n<ul class=\"wp-block-list\">\n<li>pristat\u0117 <strong>ICM Group sand\u0117liavimo sprendimus<\/strong><\/li>\n\n\n\n<li>dalinosi patirtimi apie <strong>darbuotoj\u0173 paie\u0161k\u0105, atrank\u0105 ir nuom\u0105<\/strong><\/li>\n\n\n\n<li>susitiko su <strong>esamais partneriais<\/strong><\/li>\n\n\n\n<li>u\u017emezg\u0117 kontaktus su <strong>potencialiais klientais Belgijoje<\/strong><\/li>\n<\/ul>\n\n\n\n<p>Tokio tipo renginiuose svarbiausia ne vizitin\u0117s kortel\u0117s, o <strong>ai\u0161kus atsakymas \u012f klausim\u0105: \u201ekaip tu gali pad\u0117ti mano verslui augti?\u201c<\/strong><\/p>\n\n\n\n<p>Ir b\u016btent \u010dia ICM Group turi stipri\u0105 pozicij\u0105.<\/p>\n\n\n\n<h2 class=\"wp-block-heading\">Kod\u0117l personalo sprendimai \u0161iandien yra kriti\u0161kai svarb\u016bs?<\/h2>\n\n\n\n<p>Vienas da\u017eniausi\u0173 i\u0161\u0161\u016bki\u0173, apie kur\u012f kalb\u0117jo verslai renginio metu \u2013 <strong>darbo j\u0117gos tr\u016bkumas ir lankstumo stoka<\/strong>.<\/p>\n\n\n\n<p>Augant verslams, ypa\u010d logistikos ir sand\u0117liavimo sektoriuose, atsiranda poreikis:<\/p>\n\n\n\n<ul class=\"wp-block-list\">\n<li>greitai rasti darbuotojus<\/li>\n\n\n\n<li>prisitaikyti prie sezonini\u0173 svyravim\u0173<\/li>\n\n\n\n<li>u\u017etikrinti darbo kokyb\u0119 ir efektyvum\u0105<\/li>\n<\/ul>\n\n\n\n<p>\u010cia \u012f scen\u0105 \u012f\u017eengia <strong>personalo valdymo partneris<\/strong>, kuris ne tik \u201eatveda \u017emones\u201c, bet ir padeda <strong>strategi\u0161kai valdyti darbo j\u0117g\u0105<\/strong>.<\/p>\n\n\n\n<p><strong>ICM Group<\/strong> si\u016blo sprendimus, kurie leid\u017eia verslams:<\/p>\n\n\n\n<ul class=\"wp-block-list\">\n<li>efektyviai vykdyti <strong>darbuotoj\u0173 paie\u0161k\u0105<\/strong><\/li>\n\n\n\n<li>u\u017etikrinti kokybi\u0161k\u0105 <strong>darbuotoj\u0173 atrank\u0105<\/strong><\/li>\n\n\n\n<li>naudotis lanks\u010diais <strong>darbuotoj\u0173 nuomos modeliais<\/strong><\/li>\n<\/ul>\n\n\n\n<p>Tai ypa\u010d aktualu Belgijos rinkoje, kur konkurencija d\u0117l darbo j\u0117gos nuolat auga.toriams, kurie susiduria su sezoniniais darbuotoj\u0173 poreikiais arba spar\u010diai ple\u010diasi \u012f naujas rinkas.<\/p>\n\n\n\n<p><\/p>\n\n\n\n<h2 class=\"wp-block-heading\"><\/h2>","protected":false},"excerpt":{"rendered":"<p>Verslo augimas retai vyksta atsitiktinai. Da\u017eniausiai jis prasideda nuo paprasto dalyko \u2013 teising\u0173 kontakt\u0173, tinkamo momento ir ai\u0161kaus sprendimo pasi\u016blymo. B\u016btent tokia aplinka susiformavo \u201eBusiness Contact Days Antwerp 2025\u201c renginyje, kuriame dalyvavo ir ICM Group \u2013 personalo valdymo partneris, aktyviai veikiantis Lietuvos, Belgijos ir Nyderland\u0173 rinkose. Kas yra \u201eBusiness Contact Days Antwerp\u201c ir kod\u0117l tai [&hellip;]<\/p>\n","protected":false},"author":3,"featured_media":8839,"comment_status":"closed","ping_status":"closed","sticky":false,"template":"","format":"standard","meta":{"_acf_changed":false,"footnotes":""},"categories":[23],"tags":[29],"class_list":["post-8838","post","type-post","status-publish","format-standard","has-post-thumbnail","hentry","category-naujienos","tag-belgija"],"acf":[],"_links":{"self":[{"href":"https:\/\/icm.lt\/en\/wp-json\/wp\/v2\/posts\/8838","targetHints":{"allow":["GET"]}}],"collection":[{"href":"https:\/\/icm.lt\/en\/wp-json\/wp\/v2\/posts"}],"about":[{"href":"https:\/\/icm.lt\/en\/wp-json\/wp\/v2\/types\/post"}],"author":[{"embeddable":true,"href":"https:\/\/icm.lt\/en\/wp-json\/wp\/v2\/users\/3"}],"replies":[{"embeddable":true,"href":"https:\/\/icm.lt\/en\/wp-json\/wp\/v2\/comments?post=8838"}],"version-history":[{"count":1,"href":"https:\/\/icm.lt\/en\/wp-json\/wp\/v2\/posts\/8838\/revisions"}],"predecessor-version":[{"id":8840,"href":"https:\/\/icm.lt\/en\/wp-json\/wp\/v2\/posts\/8838\/revisions\/8840"}],"wp:featuredmedia":[{"embeddable":true,"href":"https:\/\/icm.lt\/en\/wp-json\/wp\/v2\/media\/8839"}],"wp:attachment":[{"href":"https:\/\/icm.lt\/en\/wp-json\/wp\/v2\/media?parent=8838"}],"wp:term":[{"taxonomy":"category","embeddable":true,"href":"https:\/\/icm.lt\/en\/wp-json\/wp\/v2\/categories?post=8838"},{"taxonomy":"post_tag","embeddable":true,"href":"https:\/\/icm.lt\/en\/wp-json\/wp\/v2\/tags?post=8838"}],"curies":[{"name":"wp","href":"https:\/\/api.w.org\/{rel}","templated":true}]}}